{"id":626,"date":"2024-08-14T23:42:20","date_gmt":"2024-08-14T21:42:20","guid":{"rendered":"https:\/\/rumbo.ar\/website\/?p=626"},"modified":"2024-08-14T23:42:20","modified_gmt":"2024-08-14T21:42:20","slug":"26o-encuentro-de-municipios-turisticos-en-mar-del-plata","status":"publish","type":"post","link":"https:\/\/rumbo.ar\/website\/26o-encuentro-de-municipios-turisticos-en-mar-del-plata\/","title":{"rendered":"26\u00ba Encuentro de Municipios Tur\u00edsticos en Mar del Plata"},"content":{"rendered":"\n<p class=\"has-medium-font-size\">El d\u00eda 6 de septiembre del 2024 se llevar\u00e1 a cabo en Mar del Plata un nuevo encuentro de municipios tur\u00edsticos, organizado por la Red Federal de Turismo y el EMTURyC, el Ente Municipal de Turismo y Cultura de la emblem\u00e1tica Ciudad tur\u00edstica.<\/p>\n\n\n\n<p>En esta ocasi\u00f3n el Consejo de Destinos Tur\u00edsticos, compuesto por todos los destinos tur\u00edsticos asistentes, conducido por una comisi\u00f3n de15 de los destinos m\u00e1s emblem\u00e1ticos del pa\u00eds, se reunir\u00e1 con el objetivo de trabajar, en torno a los temas definidos en el encuentro anterior, basados en el an\u00e1lisis de la conectividad y el rol que los gestores tur\u00edsticos locales tienen en la difusi\u00f3n y consolidaci\u00f3n de las rutas a\u00e9reas; la promoci\u00f3n,&nbsp; la legislaci\u00f3n tur\u00edstica local , las habilidades digitales y la estad\u00edstica local.<\/p>\n\n\n\n<blockquote class=\"wp-block-quote is-layout-flow wp-block-quote-is-layout-flow\">\n<p>Con la confirmaci\u00f3n de la presencia del Secretario de Turismo, Ambiente y Deportes de la Naci\u00f3n, Daniel Scioli y del Presidente de la C\u00e1mara Argentina de Turismo, el marplatense Gustavo Hani, a trav\u00e9s de la invitaci\u00f3n realizada por el Presidente del Ente de Turismo y Cultura Bernardo Martin, ser\u00e1 un espacio ideal para trabajar mancomunadamente en torno al escenario actual de la actividad tur\u00edstica, aportando la mirada desde la gesti\u00f3n local.<\/p>\n<\/blockquote>\n\n\n\n<p>Se desarrollar\u00e1 tambi\u00e9n un bloque de buenas pr\u00e1cticas locales en destinos tur\u00edsticos basada en compartir experiencias de gesti\u00f3n local que hayan resultado beneficiosas para las comunidades y que sean de utilidad para el resto de los colegas, entendiendo que el intercambio de experiencias fortalece el conocimiento colectivo.<\/p>\n\n\n\n<p>La jornada se concentrar\u00e1 durante un d\u00eda completo y contar\u00e1 tambi\u00e9n con un espacio para charlas magistrales y para el debate de los gestores tur\u00edsticos locales asistentes, en torno a las necesidades que atraviesan los destinos tur\u00edsticos del pa\u00eds y las propuestas y estrategias de soluciones.&nbsp;<\/p>\n\n\n\n<p>Sin dudas ser\u00e1 una oportunidad para vincularse y para establecer un canal directo de di\u00e1logo con las autoridades nacionales, cumpliendo los objetivos de esta red de municipios tur\u00edsticos de mejorar las gestiones locales y de elevar la voz de los territorios a las agendas nacionales. Los esperamos.<\/p>\n\n\n\n<p><strong>Link de inscripci\u00f3n:\u00a0\u00a0<\/strong><\/p>\n\n\n\n<p><a href=\"https:\/\/docs.google.com\/forms\/d\/1plJFGV2MhlD7_iJu8jysLkVXGHG_LRQ9KTGXFTQuDjg\/edit\">Formulario de inscripci\u00f3n &#8211;<\/a>.<\/p>\n\n\n\n<p><br><\/p>\n","protected":false},"excerpt":{"rendered":"<p>El d\u00eda 6 de septiembre del 2024 se llevar\u00e1 a cabo en Mar del Plata un nuevo encuentro de municipios tur\u00edsticos, organizado por la Red Federal de Turismo y el EMTURyC, el Ente Municipal de Turismo y Cultura de la emblem\u00e1tica Ciudad tur\u00edstica. En esta ocasi\u00f3n el Consejo de Destinos Tur\u00edsticos, compuesto por todos los [&hellip;]<\/p>\n","protected":false},"author":1,"featured_media":628,"comment_status":"closed","ping_status":"open","sticky":false,"template":"","format":"standard","meta":{"footnotes":""},"categories":[9],"tags":[],"class_list":["post-626","post","type-post","status-publish","format-standard","has-post-thumbnail","hentry","category-actualidad"],"_links":{"self":[{"href":"https:\/\/rumbo.ar\/website\/wp-json\/wp\/v2\/posts\/626","targetHints":{"allow":["GET"]}}],"collection":[{"href":"https:\/\/rumbo.ar\/website\/wp-json\/wp\/v2\/posts"}],"about":[{"href":"https:\/\/rumbo.ar\/website\/wp-json\/wp\/v2\/types\/post"}],"author":[{"embeddable":true,"href":"https:\/\/rumbo.ar\/website\/wp-json\/wp\/v2\/users\/1"}],"replies":[{"embeddable":true,"href":"https:\/\/rumbo.ar\/website\/wp-json\/wp\/v2\/comments?post=626"}],"version-history":[{"count":1,"href":"https:\/\/rumbo.ar\/website\/wp-json\/wp\/v2\/posts\/626\/revisions"}],"predecessor-version":[{"id":627,"href":"https:\/\/rumbo.ar\/website\/wp-json\/wp\/v2\/posts\/626\/revisions\/627"}],"wp:featuredmedia":[{"embeddable":true,"href":"https:\/\/rumbo.ar\/website\/wp-json\/wp\/v2\/media\/628"}],"wp:attachment":[{"href":"https:\/\/rumbo.ar\/website\/wp-json\/wp\/v2\/media?parent=626"}],"wp:term":[{"taxonomy":"category","embeddable":true,"href":"https:\/\/rumbo.ar\/website\/wp-json\/wp\/v2\/categories?post=626"},{"taxonomy":"post_tag","embeddable":true,"href":"https:\/\/rumbo.ar\/website\/wp-json\/wp\/v2\/tags?post=626"}],"curies":[{"name":"wp","href":"https:\/\/api.w.org\/{rel}","templated":true}]}}