{"id":3682,"date":"2026-09-06T16:18:12","date_gmt":"2026-09-06T14:18:12","guid":{"rendered":"https:\/\/rumbo.ar\/website\/?p=3682"},"modified":"2026-09-06T16:18:13","modified_gmt":"2026-09-06T14:18:13","slug":"essence-latam-reune-a-mas-de-100-mujeres-lideres-del-turismo-de-reuniones-y-anuncia-a-puerto-vallarta-mexico-como-sede-del-fam-retreat-essence-latam-en-2027","status":"publish","type":"post","link":"https:\/\/rumbo.ar\/website\/essence-latam-reune-a-mas-de-100-mujeres-lideres-del-turismo-de-reuniones-y-anuncia-a-puerto-vallarta-mexico-como-sede-del-fam-retreat-essence-latam-en-2027\/","title":{"rendered":"Essence LATAM re\u00fane a m\u00e1s de 100 mujeres l\u00edderes del turismo de reuniones y anuncia a Puerto Vallarta, M\u00e9xico\u00a0 como sede del FAM RETREAT Essence LATAM en 2027"},"content":{"rendered":"\n<p class=\"wp-block-paragraph\"><strong>El 1er Retreat Essence LATAM, celebrado el 18 de agosto en Hilton Mexico City Reforma, reuni\u00f3 a m\u00e1s de 100 mujeres de la industria del turismo de reuniones en Latinoam\u00e9rica en una jornada de liderazgo, inspiraci\u00f3n, formaci\u00f3n y conexiones de alto valor. Puerto Vallarta, Destino Patrocinador del encuentro, tomar\u00e1 la estafeta como sede del pr\u00f3ximo FAM RETREAT Essence LATAM en 2027, una experiencia dirigida a las integrantes de esta red de mujeres de la industria.<\/strong><br><\/p>\n\n\n\n<figure class=\"wp-block-image size-large\"><img loading=\"lazy\" decoding=\"async\" width=\"1150\" height=\"767\" src=\"https:\/\/rumbo.ar\/website\/wp-content\/uploads\/2026\/09\/DSCF0465_resized-1150x767.jpg\" alt=\"\" class=\"wp-image-3683\" srcset=\"https:\/\/rumbo.ar\/website\/wp-content\/uploads\/2026\/09\/DSCF0465_resized-1150x767.jpg 1150w, https:\/\/rumbo.ar\/website\/wp-content\/uploads\/2026\/09\/DSCF0465_resized-800x533.jpg 800w, https:\/\/rumbo.ar\/website\/wp-content\/uploads\/2026\/09\/DSCF0465_resized-768x512.jpg 768w, https:\/\/rumbo.ar\/website\/wp-content\/uploads\/2026\/09\/DSCF0465_resized-1536x1024.jpg 1536w, https:\/\/rumbo.ar\/website\/wp-content\/uploads\/2026\/09\/DSCF0465_resized-2048x1366.jpg 2048w\" sizes=\"auto, (max-width: 1150px) 100vw, 1150px\" \/><\/figure>\n\n\n\n<p class=\"wp-block-paragraph\">Durante el encuentro&nbsp; estrat\u00e9gico, empresarias, meeting planners, representantes de destinos, hoteleras, organizadoras de eventos y l\u00edderes de asociaciones compartieron experiencias, conocimientos y perspectivas sobre los desaf\u00edos y oportunidades que enfrenta la mujer en la industria de reuniones.&nbsp;<\/p>\n\n\n\n<p class=\"wp-block-paragraph\">Uno de los principales mensajes del encuentro fue la importancia de construir espacios donde las mujeres puedan conectar, compartir experiencias, apoyarse mutuamente y fortalecer su liderazgo en una industria donde desempe\u00f1an un papel fundamental en la toma de decisiones y el desarrollo de destinos, empresas y eventos.<\/p>\n\n\n\n<p class=\"wp-block-paragraph\">El programa incluy\u00f3 conferencias magistrales, experiencias de desarrollo personal, espacios de networking y paneles de conversaci\u00f3n enfocados en liderazgo, comunicaci\u00f3n, crecimiento profesional y equilibrio entre la vida personal y laboral<\/p>\n\n\n\n<p class=\"wp-block-paragraph\">M\u00e1s que un encuentro profesional, el Retreat represent\u00f3 la materializaci\u00f3n de una visi\u00f3n: <strong>crear un espacio en el que las mujeres de la industria puedan encontrarse, escucharse, reconocerse, aprender unas de otras y transformar esas relaciones en oportunidades de colaboraci\u00f3n y crecimiento para toda Latinoam\u00e9rica.<\/strong><\/p>\n\n\n\n<figure class=\"wp-block-image size-large\"><img loading=\"lazy\" decoding=\"async\" width=\"1150\" height=\"789\" src=\"https:\/\/rumbo.ar\/website\/wp-content\/uploads\/2026\/09\/DSCF9856_resized-1150x789.jpg\" alt=\"\" class=\"wp-image-3684\" srcset=\"https:\/\/rumbo.ar\/website\/wp-content\/uploads\/2026\/09\/DSCF9856_resized-1150x789.jpg 1150w, https:\/\/rumbo.ar\/website\/wp-content\/uploads\/2026\/09\/DSCF9856_resized-800x549.jpg 800w, https:\/\/rumbo.ar\/website\/wp-content\/uploads\/2026\/09\/DSCF9856_resized-767x526.jpg 767w, https:\/\/rumbo.ar\/website\/wp-content\/uploads\/2026\/09\/DSCF9856_resized-1536x1054.jpg 1536w, https:\/\/rumbo.ar\/website\/wp-content\/uploads\/2026\/09\/DSCF9856_resized-2048x1405.jpg 2048w\" sizes=\"auto, (max-width: 1150px) 100vw, 1150px\" \/><\/figure>\n\n\n\n<p class=\"wp-block-paragraph\">Cynthya Wagata, Vicepresidenta de Negocios de ESSENCE LATAM\u00a0 menciona,\u00a0 en un contexto donde la industria global de reuniones evoluciona hacia modelos m\u00e1s colaborativos, inclusivos y centrados en las personas, ESSENCE LATAM surge como una plataforma estrat\u00e9gica para visibilizar, conectar y potenciar el liderazgo femenino en Am\u00e9rica Latina. Este Retreat marca el inicio de un movimiento regional que trasciende el networking tradicional para convertirse en un espacio de influencia, desarrollo profesional y generaci\u00f3n de oportunidades de alto valor. Reunir a mujeres l\u00edderes de distintos pa\u00edses, especialidades y generaciones nos permite construir una red capaz de impulsar negocios, fortalecer destinos, promover alianzas internacionales y contribuir activamente al crecimiento sostenible de la industria MICE en la regi\u00f3n. Creemos que el futuro del turismo de reuniones se construye desde la diversidad de perspectivas, la colaboraci\u00f3n genuina y el liderazgo con prop\u00f3sito. Cuando una mujer l\u00edder ampl\u00eda su red, fortalece su voz y accede a nuevas oportunidades, no solo transforma su propia trayectoria profesional; tambi\u00e9n genera un efecto multiplicador que impacta positivamente en organizaciones, destinos y comunidades enteras. ESSENCE LATAM representa precisamente esa visi\u00f3n: una comunidad de mujeres extraordinarias conectando talento, conocimiento y oportunidades para posicionar a Latinoam\u00e9rica como una regi\u00f3n l\u00edder e innovadora en la industria global de reuniones.\u201d<\/p>\n\n\n\n<figure class=\"wp-block-image size-large\"><img loading=\"lazy\" decoding=\"async\" width=\"1150\" height=\"767\" src=\"https:\/\/rumbo.ar\/website\/wp-content\/uploads\/2026\/09\/DSCF0103_resized-1150x767.jpg\" alt=\"\" class=\"wp-image-3685\" srcset=\"https:\/\/rumbo.ar\/website\/wp-content\/uploads\/2026\/09\/DSCF0103_resized-1150x767.jpg 1150w, https:\/\/rumbo.ar\/website\/wp-content\/uploads\/2026\/09\/DSCF0103_resized-800x533.jpg 800w, https:\/\/rumbo.ar\/website\/wp-content\/uploads\/2026\/09\/DSCF0103_resized-768x512.jpg 768w, https:\/\/rumbo.ar\/website\/wp-content\/uploads\/2026\/09\/DSCF0103_resized-1536x1024.jpg 1536w, https:\/\/rumbo.ar\/website\/wp-content\/uploads\/2026\/09\/DSCF0103_resized-2048x1366.jpg 2048w\" sizes=\"auto, (max-width: 1150px) 100vw, 1150px\" \/><\/figure>\n\n\n\n<p class=\"wp-block-paragraph\"><strong>Essence LATAM: una red que reconoce la fuerza de las mujeres que hacen turismo de reuniones&nbsp;<\/strong><\/p>\n\n\n\n<p class=\"wp-block-paragraph\">Impulsada por sus socias fundadoras <strong>Magdalena Tapia de Chile, Charisse Gonz\u00e1lez de M\u00e9xico, Cynthya Wagata de Paraguay y Kenelma Mendoza de Panam\u00e1<\/strong>, Essence LATAM trabaja en la construcci\u00f3n de una red que conecta a mujeres de diferentes pa\u00edses, especialidades y generaciones de la industria tur\u00edstica.<\/p>\n\n\n\n<p class=\"wp-block-paragraph\">Su prop\u00f3sito va m\u00e1s all\u00e1 de reunir profesionales alrededor de un evento. Essence LATAM busca crear una <strong>comunidad activa y con vocaci\u00f3n de permanencia<\/strong>, capaz de generar conexiones genuinas, conocimiento, visibilidad, colaboraci\u00f3n y oportunidades de negocio entre sus integrantes.<\/p>\n\n\n\n<p class=\"wp-block-paragraph\">En una industria en la que las mujeres desempe\u00f1an un papel fundamental como empresarias, ejecutivas, meeting planners, representantes de destinos, hoteleras, DMC, organizadoras de eventos, especialistas en incentivos, proveedoras, emprendedoras y l\u00edderes de asociaciones, Essence LATAM reconoce la necesidad de contar con espacios propios que impulsen su desarrollo y permitan compartir tambi\u00e9n los desaf\u00edos que acompa\u00f1an al liderazgo.<\/p>\n\n\n\n<p class=\"wp-block-paragraph\"><strong>Cuando una mujer encuentra una red que la impulsa, su crecimiento puede multiplicarse. Y cuando esa red trasciende fronteras, el impacto puede alcanzar a toda una industria.<\/strong><\/p>\n\n\n\n<p class=\"wp-block-paragraph\">Ese esp\u00edritu estuvo presente durante todo el 1er Retreat Essence LATAM.<\/p>\n\n\n\n<p class=\"wp-block-paragraph\"><strong>Una ceremonia de apertura con destacada presencia institucional<\/strong><\/p>\n\n\n\n<p class=\"wp-block-paragraph\">La jornada comenz\u00f3 con la <strong>Alfombra Lila y el registro de las participantes<\/strong> estuvo a cargo de <strong>TOGETHER WMF FOUNDATION<\/strong>, organizaci\u00f3n que promueve la inclusi\u00f3n laboral de Personas con Discapacidad en el Industria MICE.<\/p>\n\n\n\n<p class=\"wp-block-paragraph\">La ceremonia cont\u00f3 con la presencia y palabras de importantes representantes de la industria tur\u00edstica y de destinos de M\u00e9xico, otorgando un marco institucional a esta primera edici\u00f3n.<\/p>\n\n\n\n<p class=\"wp-block-paragraph\"><strong>Eleonora Garc\u00eda, directora de IBTM Americas<\/strong>, acompa\u00f1\u00f3 la apertura y dirigi\u00f3 unas palabras a las asistentes, sum\u00e1ndose as\u00ed al respaldo de la industria de reuniones a una iniciativa enfocada en fortalecer el liderazgo y las conexiones entre las mujeres del sector.<\/p>\n\n\n\n<p class=\"wp-block-paragraph\">Asimismo, particip\u00f3 la <strong>Mtra. Cony Vallejo, directora de Atracci\u00f3n de Eventos y Cinematograf\u00eda de la Secretar\u00eda de Turismo e Identidad del Gobierno del Estado de Guanajuato<\/strong>, en representaci\u00f3n de la <strong>Mtra. Lupita Robles, secretaria de Turismo e Identidad del Gobierno del Estado de Guanajuato<\/strong>. El programa oficial contempl\u00f3 la participaci\u00f3n de la Mtra. Cony Vallejo en el acto inaugural.<\/p>\n\n\n\n<p class=\"wp-block-paragraph\">De manera especial, <strong>Puerto Vallarta estuvo representado por la Mtra. Laura Su\u00e1rez, directora de Grupos y Convenciones del Fideicomiso de Turismo de Puerto Vallarta<\/strong>, quien acompa\u00f1\u00f3 esta primera edici\u00f3n de Essence LATAM como representante del <strong>Destino Patrocinador<\/strong>.<\/p>\n\n\n\n<p class=\"wp-block-paragraph\">La presencia de <strong>Laura Su\u00e1rez<\/strong> adquiri\u00f3 especial relevancia ante el anuncio del siguiente gran paso de la comunidad: <strong>Puerto Vallarta ser\u00e1 la sede del FAM RETREAT Essence LATAM en 2027<\/strong>.<\/p>\n\n\n\n<p class=\"wp-block-paragraph\">El anuncio representa una evoluci\u00f3n natural del proyecto: llevar la filosof\u00eda de Essence LATAM a un destino y combinarla con una experiencia de familiarizaci\u00f3n que permita generar conocimiento, relaciones profesionales y oportunidades para sus integrantes.<\/p>\n\n\n\n<p class=\"wp-block-paragraph\">En este nuevo cap\u00edtulo ser\u00e1 especialmente relevante la participaci\u00f3n de la <strong>Mtra. Laura Su\u00e1rez, directora de Grupos y Convenciones del Fideicomiso de Turismo de Puerto Vallarta<\/strong>, quien acompa\u00f1\u00f3 personalmente el primer Retreat en Ciudad de M\u00e9xico y representa el compromiso del destino con el fortalecimiento de relaciones con las mujeres profesionales del turismo y la industria de reuniones.<\/p>\n\n\n\n<p class=\"wp-block-paragraph\"><strong>Puerto Vallarta recibir\u00e1 as\u00ed a Essence LATAM en 2027<\/strong>, permitiendo que las participantes conozcan y vivan el destino desde una perspectiva profesional y experiencial.<\/p>\n\n\n\n<p class=\"wp-block-paragraph\">El concepto del <strong>FAM RETREAT<\/strong> buscar\u00e1 ir m\u00e1s all\u00e1 de un viaje tradicional de familiarizaci\u00f3n, incorporando la esencia que distingue a la comunidad: <strong>destino, experiencias, formaci\u00f3n, inspiraci\u00f3n, networking y generaci\u00f3n de relaciones de largo plazo entre mujeres de la industria tur\u00edstica latinoamericana.<\/strong><\/p>\n\n\n\n<p class=\"wp-block-paragraph\">La elecci\u00f3n de Puerto Vallarta representa tambi\u00e9n una oportunidad para acercar el destino a profesionales capaces de convertirse en prescriptoras, generadoras de negocio, embajadoras y creadoras de nuevas oportunidades dentro de sus respectivos mercados.<\/p>\n\n\n\n<p class=\"wp-block-paragraph\">Ser parte de Essence LATAM significa integrarse a una comunidad concebida para generar relaciones profesionales, compartir experiencias y conocimiento, impulsar talento, aumentar la visibilidad de sus integrantes y favorecer nuevas oportunidades de colaboraci\u00f3n y negocio.<\/p>\n\n\n\n<p class=\"wp-block-paragraph\">El <strong>1er Retreat Essence LATAM<\/strong> dej\u00f3 mucho m\u00e1s que una tarde de conferencias y networking.<\/p>\n\n\n\n<p class=\"wp-block-paragraph\">Dej\u00f3 a <strong>m\u00e1s de 100 mujeres de la industria tur\u00edstica latinoamericana reunidas bajo una misma visi\u00f3n<\/strong>: crecer sin hacerlo solas, compartir conocimiento, crear relaciones genuinas y entender que el \u00e9xito de una mujer puede convertirse tambi\u00e9n en una oportunidad para muchas otras.<\/p>\n\n\n\n<p class=\"wp-block-paragraph\">Essence LATAM reconoce y celebra a las mujeres que todos los d\u00edas construyen turismo en nuestra regi\u00f3n: las que abren mercados, reciben grupos, dise\u00f1an experiencias, representan destinos, dirigen hoteles y empresas, organizan congresos, crean incentivos, conectan compradores y proveedores, lideran equipos y hacen que Latinoam\u00e9rica contin\u00fae ocupando un lugar privilegiado en el mapa tur\u00edstico internacional.<\/p>\n\n\n\n<p class=\"wp-block-paragraph\"><strong>Esa es la esencia de Essence LATAM: convertir la conexi\u00f3n entre mujeres en una fuerza capaz de transformar la industria.<\/strong><\/p>\n\n\n\n<p class=\"wp-block-paragraph\"><strong>\u00abMujeres l\u00edderes conectando experiencias, conocimiento y oportunidades para transformar la industria de reuniones en Latinoam\u00e9rica.\u00bb<\/strong><\/p>\n","protected":false},"excerpt":{"rendered":"<p>El 1er Retreat Essence LATAM, celebrado el 18 de agosto en Hilton Mexico City Reforma, reuni\u00f3 a m\u00e1s de 100 mujeres de la industria del turismo de reuniones en Latinoam\u00e9rica en una jornada de liderazgo, inspiraci\u00f3n, formaci\u00f3n y conexiones de alto valor. Puerto Vallarta, Destino Patrocinador del encuentro, tomar\u00e1 la estafeta como sede del pr\u00f3ximo [&hellip;]<\/p>\n","protected":false},"author":2,"featured_media":3686,"comment_status":"closed","ping_status":"closed","sticky":false,"template":"","format":"standard","meta":{"footnotes":""},"categories":[265],"tags":[],"class_list":["post-3682","post","type-post","status-publish","format-standard","has-post-thumbnail","hentry","category-reuniones-incentivos-conferencias-exposiciones"],"yoast_head":"<!-- This site is optimized with the Yoast SEO Premium plugin v27.4 (Yoast SEO v28.2) - https:\/\/yoast.com\/product\/yoast-seo-premium-wordpress\/ -->\n<title>Essence LATAM re\u00fane a m\u00e1s de 100 mujeres l\u00edderes del turismo de reuniones y anuncia a Puerto Vallarta, M\u00e9xico\u00a0 como sede del FAM RETREAT Essence LATAM en 2027 - Rumbo Trade<\/title>\n<meta name=\"robots\" content=\"noindex, follow\" \/>\n<meta property=\"og:locale\" content=\"es_ES\" \/>\n<meta property=\"og:type\" content=\"article\" \/>\n<meta property=\"og:title\" content=\"Essence LATAM re\u00fane a m\u00e1s de 100 mujeres l\u00edderes del turismo de reuniones y anuncia a Puerto Vallarta, M\u00e9xico\u00a0 como sede del FAM RETREAT Essence LATAM en 2027\" \/>\n<meta property=\"og:description\" content=\"El 1er Retreat Essence LATAM, celebrado el 18 de agosto en Hilton Mexico City Reforma, reuni\u00f3 a m\u00e1s de 100 mujeres de la industria del turismo de reuniones en Latinoam\u00e9rica en una jornada de liderazgo, inspiraci\u00f3n, formaci\u00f3n y conexiones de alto valor. Puerto Vallarta, Destino Patrocinador del encuentro, tomar\u00e1 la estafeta como sede del pr\u00f3ximo [&hellip;]\" \/>\n<meta property=\"og:url\" content=\"https:\/\/rumbo.ar\/website\/essence-latam-reune-a-mas-de-100-mujeres-lideres-del-turismo-de-reuniones-y-anuncia-a-puerto-vallarta-mexico-como-sede-del-fam-retreat-essence-latam-en-2027\/\" \/>\n<meta property=\"og:site_name\" content=\"Rumbo Trade\" \/>\n<meta property=\"article:published_time\" content=\"2026-09-06T14:18:12+00:00\" \/>\n<meta property=\"article:modified_time\" content=\"2026-09-06T14:18:13+00:00\" \/>\n<meta property=\"og:image\" content=\"https:\/\/rumbo.ar\/website\/wp-content\/uploads\/2026\/09\/DSCF0058_resized.jpg\" \/>\n\t<meta property=\"og:image:width\" content=\"2560\" \/>\n\t<meta property=\"og:image:height\" content=\"1707\" \/>\n\t<meta property=\"og:image:type\" content=\"image\/jpeg\" \/>\n<meta name=\"author\" content=\"Facundo Barrera\" \/>\n<meta name=\"twitter:card\" content=\"summary_large_image\" \/>\n<meta name=\"twitter:label1\" content=\"Escrito por\" \/>\n\t<meta name=\"twitter:data1\" content=\"Facundo Barrera\" \/>\n\t<meta name=\"twitter:label2\" content=\"Tiempo de lectura\" \/>\n\t<meta name=\"twitter:data2\" content=\"7 minutos\" \/>\n<script type=\"application\/ld+json\" class=\"yoast-schema-graph\">{\"@context\":\"https:\\\/\\\/schema.org\",\"@graph\":[{\"@type\":\"Article\",\"@id\":\"https:\\\/\\\/rumbo.ar\\\/website\\\/essence-latam-reune-a-mas-de-100-mujeres-lideres-del-turismo-de-reuniones-y-anuncia-a-puerto-vallarta-mexico-como-sede-del-fam-retreat-essence-latam-en-2027\\\/#article\",\"isPartOf\":{\"@id\":\"https:\\\/\\\/rumbo.ar\\\/website\\\/essence-latam-reune-a-mas-de-100-mujeres-lideres-del-turismo-de-reuniones-y-anuncia-a-puerto-vallarta-mexico-como-sede-del-fam-retreat-essence-latam-en-2027\\\/\"},\"author\":{\"name\":\"Facundo Barrera\",\"@id\":\"https:\\\/\\\/rumbo.ar\\\/website\\\/#\\\/schema\\\/person\\\/1d4e0e2d98d77d34159b9fc9df886a96\"},\"headline\":\"Essence LATAM re\u00fane a m\u00e1s de 100 mujeres l\u00edderes del turismo de reuniones y anuncia a Puerto Vallarta, M\u00e9xico\u00a0 como sede del FAM RETREAT Essence LATAM en 2027\",\"datePublished\":\"2026-09-06T14:18:12+00:00\",\"dateModified\":\"2026-09-06T14:18:13+00:00\",\"mainEntityOfPage\":{\"@id\":\"https:\\\/\\\/rumbo.ar\\\/website\\\/essence-latam-reune-a-mas-de-100-mujeres-lideres-del-turismo-de-reuniones-y-anuncia-a-puerto-vallarta-mexico-como-sede-del-fam-retreat-essence-latam-en-2027\\\/\"},\"wordCount\":1366,\"publisher\":{\"@id\":\"https:\\\/\\\/rumbo.ar\\\/website\\\/#organization\"},\"image\":{\"@id\":\"https:\\\/\\\/rumbo.ar\\\/website\\\/essence-latam-reune-a-mas-de-100-mujeres-lideres-del-turismo-de-reuniones-y-anuncia-a-puerto-vallarta-mexico-como-sede-del-fam-retreat-essence-latam-en-2027\\\/#primaryimage\"},\"thumbnailUrl\":\"https:\\\/\\\/rumbo.ar\\\/website\\\/wp-content\\\/uploads\\\/2026\\\/09\\\/DSCF0058_resized.jpg\",\"articleSection\":[\"MICE\"],\"inLanguage\":\"es\"},{\"@type\":\"WebPage\",\"@id\":\"https:\\\/\\\/rumbo.ar\\\/website\\\/essence-latam-reune-a-mas-de-100-mujeres-lideres-del-turismo-de-reuniones-y-anuncia-a-puerto-vallarta-mexico-como-sede-del-fam-retreat-essence-latam-en-2027\\\/\",\"url\":\"https:\\\/\\\/rumbo.ar\\\/website\\\/essence-latam-reune-a-mas-de-100-mujeres-lideres-del-turismo-de-reuniones-y-anuncia-a-puerto-vallarta-mexico-como-sede-del-fam-retreat-essence-latam-en-2027\\\/\",\"name\":\"Essence LATAM re\u00fane a m\u00e1s de 100 mujeres l\u00edderes del turismo de reuniones y anuncia a Puerto Vallarta, M\u00e9xico\u00a0 como sede del FAM RETREAT Essence LATAM en 2027 - Rumbo Trade\",\"isPartOf\":{\"@id\":\"https:\\\/\\\/rumbo.ar\\\/website\\\/#website\"},\"primaryImageOfPage\":{\"@id\":\"https:\\\/\\\/rumbo.ar\\\/website\\\/essence-latam-reune-a-mas-de-100-mujeres-lideres-del-turismo-de-reuniones-y-anuncia-a-puerto-vallarta-mexico-como-sede-del-fam-retreat-essence-latam-en-2027\\\/#primaryimage\"},\"image\":{\"@id\":\"https:\\\/\\\/rumbo.ar\\\/website\\\/essence-latam-reune-a-mas-de-100-mujeres-lideres-del-turismo-de-reuniones-y-anuncia-a-puerto-vallarta-mexico-como-sede-del-fam-retreat-essence-latam-en-2027\\\/#primaryimage\"},\"thumbnailUrl\":\"https:\\\/\\\/rumbo.ar\\\/website\\\/wp-content\\\/uploads\\\/2026\\\/09\\\/DSCF0058_resized.jpg\",\"datePublished\":\"2026-09-06T14:18:12+00:00\",\"dateModified\":\"2026-09-06T14:18:13+00:00\",\"breadcrumb\":{\"@id\":\"https:\\\/\\\/rumbo.ar\\\/website\\\/essence-latam-reune-a-mas-de-100-mujeres-lideres-del-turismo-de-reuniones-y-anuncia-a-puerto-vallarta-mexico-como-sede-del-fam-retreat-essence-latam-en-2027\\\/#breadcrumb\"},\"inLanguage\":\"es\",\"potentialAction\":[{\"@type\":\"ReadAction\",\"target\":[\"https:\\\/\\\/rumbo.ar\\\/website\\\/essence-latam-reune-a-mas-de-100-mujeres-lideres-del-turismo-de-reuniones-y-anuncia-a-puerto-vallarta-mexico-como-sede-del-fam-retreat-essence-latam-en-2027\\\/\"]}]},{\"@type\":\"ImageObject\",\"inLanguage\":\"es\",\"@id\":\"https:\\\/\\\/rumbo.ar\\\/website\\\/essence-latam-reune-a-mas-de-100-mujeres-lideres-del-turismo-de-reuniones-y-anuncia-a-puerto-vallarta-mexico-como-sede-del-fam-retreat-essence-latam-en-2027\\\/#primaryimage\",\"url\":\"https:\\\/\\\/rumbo.ar\\\/website\\\/wp-content\\\/uploads\\\/2026\\\/09\\\/DSCF0058_resized.jpg\",\"contentUrl\":\"https:\\\/\\\/rumbo.ar\\\/website\\\/wp-content\\\/uploads\\\/2026\\\/09\\\/DSCF0058_resized.jpg\",\"width\":2560,\"height\":1707},{\"@type\":\"BreadcrumbList\",\"@id\":\"https:\\\/\\\/rumbo.ar\\\/website\\\/essence-latam-reune-a-mas-de-100-mujeres-lideres-del-turismo-de-reuniones-y-anuncia-a-puerto-vallarta-mexico-como-sede-del-fam-retreat-essence-latam-en-2027\\\/#breadcrumb\",\"itemListElement\":[{\"@type\":\"ListItem\",\"position\":1,\"name\":\"Portada\",\"item\":\"https:\\\/\\\/rumbo.ar\\\/website\\\/\"},{\"@type\":\"ListItem\",\"position\":2,\"name\":\"Essence LATAM re\u00fane a m\u00e1s de 100 mujeres l\u00edderes del turismo de reuniones y anuncia a Puerto Vallarta, M\u00e9xico\u00a0 como sede del FAM RETREAT Essence LATAM en 2027\"}]},{\"@type\":\"WebSite\",\"@id\":\"https:\\\/\\\/rumbo.ar\\\/website\\\/#website\",\"url\":\"https:\\\/\\\/rumbo.ar\\\/website\\\/\",\"name\":\"Rumbo Trade\",\"description\":\"Negocios &amp; Turismo\",\"publisher\":{\"@id\":\"https:\\\/\\\/rumbo.ar\\\/website\\\/#organization\"},\"potentialAction\":[{\"@type\":\"SearchAction\",\"target\":{\"@type\":\"EntryPoint\",\"urlTemplate\":\"https:\\\/\\\/rumbo.ar\\\/website\\\/?s={search_term_string}\"},\"query-input\":{\"@type\":\"PropertyValueSpecification\",\"valueRequired\":true,\"valueName\":\"search_term_string\"}}],\"inLanguage\":\"es\"},{\"@type\":\"Organization\",\"@id\":\"https:\\\/\\\/rumbo.ar\\\/website\\\/#organization\",\"name\":\"Rumbo Trade\",\"url\":\"https:\\\/\\\/rumbo.ar\\\/website\\\/\",\"logo\":{\"@type\":\"ImageObject\",\"inLanguage\":\"es\",\"@id\":\"https:\\\/\\\/rumbo.ar\\\/website\\\/#\\\/schema\\\/logo\\\/image\\\/\",\"url\":\"https:\\\/\\\/rumbo.ar\\\/website\\\/wp-content\\\/uploads\\\/2026\\\/05\\\/logo_web_3.webp\",\"contentUrl\":\"https:\\\/\\\/rumbo.ar\\\/website\\\/wp-content\\\/uploads\\\/2026\\\/05\\\/logo_web_3.webp\",\"width\":222,\"height\":120,\"caption\":\"Rumbo Trade\"},\"image\":{\"@id\":\"https:\\\/\\\/rumbo.ar\\\/website\\\/#\\\/schema\\\/logo\\\/image\\\/\"},\"sameAs\":[\"https:\\\/\\\/www.instagram.com\\\/rumbo.trade\\\/\"]},{\"@type\":\"Person\",\"@id\":\"https:\\\/\\\/rumbo.ar\\\/website\\\/#\\\/schema\\\/person\\\/1d4e0e2d98d77d34159b9fc9df886a96\",\"name\":\"Facundo Barrera\",\"image\":{\"@type\":\"ImageObject\",\"inLanguage\":\"es\",\"@id\":\"https:\\\/\\\/secure.gravatar.com\\\/avatar\\\/625d183222b6cfbba74f012bb7665c03b19a0eca101c2b9bd79665acb1d06e6b?s=96&d=mm&r=g\",\"url\":\"https:\\\/\\\/secure.gravatar.com\\\/avatar\\\/625d183222b6cfbba74f012bb7665c03b19a0eca101c2b9bd79665acb1d06e6b?s=96&d=mm&r=g\",\"contentUrl\":\"https:\\\/\\\/secure.gravatar.com\\\/avatar\\\/625d183222b6cfbba74f012bb7665c03b19a0eca101c2b9bd79665acb1d06e6b?s=96&d=mm&r=g\",\"caption\":\"Facundo Barrera\"},\"sameAs\":[\"http:\\\/\\\/rumbo.ar\"]}]}<\/script>\n<!-- \/ Yoast SEO Premium plugin. -->","yoast_head_json":{"title":"Essence LATAM re\u00fane a m\u00e1s de 100 mujeres l\u00edderes del turismo de reuniones y anuncia a Puerto Vallarta, M\u00e9xico\u00a0 como sede del FAM RETREAT Essence LATAM en 2027 - Rumbo Trade","robots":{"index":"noindex","follow":"follow"},"og_locale":"es_ES","og_type":"article","og_title":"Essence LATAM re\u00fane a m\u00e1s de 100 mujeres l\u00edderes del turismo de reuniones y anuncia a Puerto Vallarta, M\u00e9xico\u00a0 como sede del FAM RETREAT Essence LATAM en 2027","og_description":"El 1er Retreat Essence LATAM, celebrado el 18 de agosto en Hilton Mexico City Reforma, reuni\u00f3 a m\u00e1s de 100 mujeres de la industria del turismo de reuniones en Latinoam\u00e9rica en una jornada de liderazgo, inspiraci\u00f3n, formaci\u00f3n y conexiones de alto valor. Puerto Vallarta, Destino Patrocinador del encuentro, tomar\u00e1 la estafeta como sede del pr\u00f3ximo [&hellip;]","og_url":"https:\/\/rumbo.ar\/website\/essence-latam-reune-a-mas-de-100-mujeres-lideres-del-turismo-de-reuniones-y-anuncia-a-puerto-vallarta-mexico-como-sede-del-fam-retreat-essence-latam-en-2027\/","og_site_name":"Rumbo Trade","article_published_time":"2026-09-06T14:18:12+00:00","article_modified_time":"2026-09-06T14:18:13+00:00","og_image":[{"width":2560,"height":1707,"url":"https:\/\/rumbo.ar\/website\/wp-content\/uploads\/2026\/09\/DSCF0058_resized.jpg","type":"image\/jpeg"}],"author":"Facundo Barrera","twitter_card":"summary_large_image","twitter_misc":{"Escrito por":"Facundo Barrera","Tiempo de lectura":"7 minutos"},"schema":{"@context":"https:\/\/schema.org","@graph":[{"@type":"Article","@id":"https:\/\/rumbo.ar\/website\/essence-latam-reune-a-mas-de-100-mujeres-lideres-del-turismo-de-reuniones-y-anuncia-a-puerto-vallarta-mexico-como-sede-del-fam-retreat-essence-latam-en-2027\/#article","isPartOf":{"@id":"https:\/\/rumbo.ar\/website\/essence-latam-reune-a-mas-de-100-mujeres-lideres-del-turismo-de-reuniones-y-anuncia-a-puerto-vallarta-mexico-como-sede-del-fam-retreat-essence-latam-en-2027\/"},"author":{"name":"Facundo Barrera","@id":"https:\/\/rumbo.ar\/website\/#\/schema\/person\/1d4e0e2d98d77d34159b9fc9df886a96"},"headline":"Essence LATAM re\u00fane a m\u00e1s de 100 mujeres l\u00edderes del turismo de reuniones y anuncia a Puerto Vallarta, M\u00e9xico\u00a0 como sede del FAM RETREAT Essence LATAM en 2027","datePublished":"2026-09-06T14:18:12+00:00","dateModified":"2026-09-06T14:18:13+00:00","mainEntityOfPage":{"@id":"https:\/\/rumbo.ar\/website\/essence-latam-reune-a-mas-de-100-mujeres-lideres-del-turismo-de-reuniones-y-anuncia-a-puerto-vallarta-mexico-como-sede-del-fam-retreat-essence-latam-en-2027\/"},"wordCount":1366,"publisher":{"@id":"https:\/\/rumbo.ar\/website\/#organization"},"image":{"@id":"https:\/\/rumbo.ar\/website\/essence-latam-reune-a-mas-de-100-mujeres-lideres-del-turismo-de-reuniones-y-anuncia-a-puerto-vallarta-mexico-como-sede-del-fam-retreat-essence-latam-en-2027\/#primaryimage"},"thumbnailUrl":"https:\/\/rumbo.ar\/website\/wp-content\/uploads\/2026\/09\/DSCF0058_resized.jpg","articleSection":["MICE"],"inLanguage":"es"},{"@type":"WebPage","@id":"https:\/\/rumbo.ar\/website\/essence-latam-reune-a-mas-de-100-mujeres-lideres-del-turismo-de-reuniones-y-anuncia-a-puerto-vallarta-mexico-como-sede-del-fam-retreat-essence-latam-en-2027\/","url":"https:\/\/rumbo.ar\/website\/essence-latam-reune-a-mas-de-100-mujeres-lideres-del-turismo-de-reuniones-y-anuncia-a-puerto-vallarta-mexico-como-sede-del-fam-retreat-essence-latam-en-2027\/","name":"Essence LATAM re\u00fane a m\u00e1s de 100 mujeres l\u00edderes del turismo de reuniones y anuncia a Puerto Vallarta, M\u00e9xico\u00a0 como sede del FAM RETREAT Essence LATAM en 2027 - Rumbo Trade","isPartOf":{"@id":"https:\/\/rumbo.ar\/website\/#website"},"primaryImageOfPage":{"@id":"https:\/\/rumbo.ar\/website\/essence-latam-reune-a-mas-de-100-mujeres-lideres-del-turismo-de-reuniones-y-anuncia-a-puerto-vallarta-mexico-como-sede-del-fam-retreat-essence-latam-en-2027\/#primaryimage"},"image":{"@id":"https:\/\/rumbo.ar\/website\/essence-latam-reune-a-mas-de-100-mujeres-lideres-del-turismo-de-reuniones-y-anuncia-a-puerto-vallarta-mexico-como-sede-del-fam-retreat-essence-latam-en-2027\/#primaryimage"},"thumbnailUrl":"https:\/\/rumbo.ar\/website\/wp-content\/uploads\/2026\/09\/DSCF0058_resized.jpg","datePublished":"2026-09-06T14:18:12+00:00","dateModified":"2026-09-06T14:18:13+00:00","breadcrumb":{"@id":"https:\/\/rumbo.ar\/website\/essence-latam-reune-a-mas-de-100-mujeres-lideres-del-turismo-de-reuniones-y-anuncia-a-puerto-vallarta-mexico-como-sede-del-fam-retreat-essence-latam-en-2027\/#breadcrumb"},"inLanguage":"es","potentialAction":[{"@type":"ReadAction","target":["https:\/\/rumbo.ar\/website\/essence-latam-reune-a-mas-de-100-mujeres-lideres-del-turismo-de-reuniones-y-anuncia-a-puerto-vallarta-mexico-como-sede-del-fam-retreat-essence-latam-en-2027\/"]}]},{"@type":"ImageObject","inLanguage":"es","@id":"https:\/\/rumbo.ar\/website\/essence-latam-reune-a-mas-de-100-mujeres-lideres-del-turismo-de-reuniones-y-anuncia-a-puerto-vallarta-mexico-como-sede-del-fam-retreat-essence-latam-en-2027\/#primaryimage","url":"https:\/\/rumbo.ar\/website\/wp-content\/uploads\/2026\/09\/DSCF0058_resized.jpg","contentUrl":"https:\/\/rumbo.ar\/website\/wp-content\/uploads\/2026\/09\/DSCF0058_resized.jpg","width":2560,"height":1707},{"@type":"BreadcrumbList","@id":"https:\/\/rumbo.ar\/website\/essence-latam-reune-a-mas-de-100-mujeres-lideres-del-turismo-de-reuniones-y-anuncia-a-puerto-vallarta-mexico-como-sede-del-fam-retreat-essence-latam-en-2027\/#breadcrumb","itemListElement":[{"@type":"ListItem","position":1,"name":"Portada","item":"https:\/\/rumbo.ar\/website\/"},{"@type":"ListItem","position":2,"name":"Essence LATAM re\u00fane a m\u00e1s de 100 mujeres l\u00edderes del turismo de reuniones y anuncia a Puerto Vallarta, M\u00e9xico\u00a0 como sede del FAM RETREAT Essence LATAM en 2027"}]},{"@type":"WebSite","@id":"https:\/\/rumbo.ar\/website\/#website","url":"https:\/\/rumbo.ar\/website\/","name":"Rumbo Trade","description":"Negocios &amp; Turismo","publisher":{"@id":"https:\/\/rumbo.ar\/website\/#organization"},"potentialAction":[{"@type":"SearchAction","target":{"@type":"EntryPoint","urlTemplate":"https:\/\/rumbo.ar\/website\/?s={search_term_string}"},"query-input":{"@type":"PropertyValueSpecification","valueRequired":true,"valueName":"search_term_string"}}],"inLanguage":"es"},{"@type":"Organization","@id":"https:\/\/rumbo.ar\/website\/#organization","name":"Rumbo Trade","url":"https:\/\/rumbo.ar\/website\/","logo":{"@type":"ImageObject","inLanguage":"es","@id":"https:\/\/rumbo.ar\/website\/#\/schema\/logo\/image\/","url":"https:\/\/rumbo.ar\/website\/wp-content\/uploads\/2026\/05\/logo_web_3.webp","contentUrl":"https:\/\/rumbo.ar\/website\/wp-content\/uploads\/2026\/05\/logo_web_3.webp","width":222,"height":120,"caption":"Rumbo Trade"},"image":{"@id":"https:\/\/rumbo.ar\/website\/#\/schema\/logo\/image\/"},"sameAs":["https:\/\/www.instagram.com\/rumbo.trade\/"]},{"@type":"Person","@id":"https:\/\/rumbo.ar\/website\/#\/schema\/person\/1d4e0e2d98d77d34159b9fc9df886a96","name":"Facundo Barrera","image":{"@type":"ImageObject","inLanguage":"es","@id":"https:\/\/secure.gravatar.com\/avatar\/625d183222b6cfbba74f012bb7665c03b19a0eca101c2b9bd79665acb1d06e6b?s=96&d=mm&r=g","url":"https:\/\/secure.gravatar.com\/avatar\/625d183222b6cfbba74f012bb7665c03b19a0eca101c2b9bd79665acb1d06e6b?s=96&d=mm&r=g","contentUrl":"https:\/\/secure.gravatar.com\/avatar\/625d183222b6cfbba74f012bb7665c03b19a0eca101c2b9bd79665acb1d06e6b?s=96&d=mm&r=g","caption":"Facundo Barrera"},"sameAs":["http:\/\/rumbo.ar"]}]}},"_links":{"self":[{"href":"https:\/\/rumbo.ar\/website\/wp-json\/wp\/v2\/posts\/3682","targetHints":{"allow":["GET"]}}],"collection":[{"href":"https:\/\/rumbo.ar\/website\/wp-json\/wp\/v2\/posts"}],"about":[{"href":"https:\/\/rumbo.ar\/website\/wp-json\/wp\/v2\/types\/post"}],"author":[{"embeddable":true,"href":"https:\/\/rumbo.ar\/website\/wp-json\/wp\/v2\/users\/2"}],"replies":[{"embeddable":true,"href":"https:\/\/rumbo.ar\/website\/wp-json\/wp\/v2\/comments?post=3682"}],"version-history":[{"count":1,"href":"https:\/\/rumbo.ar\/website\/wp-json\/wp\/v2\/posts\/3682\/revisions"}],"predecessor-version":[{"id":3687,"href":"https:\/\/rumbo.ar\/website\/wp-json\/wp\/v2\/posts\/3682\/revisions\/3687"}],"wp:featuredmedia":[{"embeddable":true,"href":"https:\/\/rumbo.ar\/website\/wp-json\/wp\/v2\/media\/3686"}],"wp:attachment":[{"href":"https:\/\/rumbo.ar\/website\/wp-json\/wp\/v2\/media?parent=3682"}],"wp:term":[{"taxonomy":"category","embeddable":true,"href":"https:\/\/rumbo.ar\/website\/wp-json\/wp\/v2\/categories?post=3682"},{"taxonomy":"post_tag","embeddable":true,"href":"https:\/\/rumbo.ar\/website\/wp-json\/wp\/v2\/tags?post=3682"}],"curies":[{"name":"wp","href":"https:\/\/api.w.org\/{rel}","templated":true}]}}