{"id":3660,"date":"2026-09-04T16:46:39","date_gmt":"2026-09-04T14:46:39","guid":{"rendered":"https:\/\/rumbo.ar\/website\/?p=3660"},"modified":"2026-09-04T16:46:40","modified_gmt":"2026-09-04T14:46:40","slug":"promovere-fortalece-su-presencia-regional-con-una-agenda-activa-de-acciones-junto-al-trade","status":"publish","type":"post","link":"https:\/\/rumbo.ar\/website\/promovere-fortalece-su-presencia-regional-con-una-agenda-activa-de-acciones-junto-al-trade\/","title":{"rendered":"Promov\u00eare fortalece su presencia regional con una agenda activa de acciones junto al trade"},"content":{"rendered":"\n<p class=\"wp-block-paragraph\">Durante estos \u00faltimos meses, Promov\u00eare desarroll\u00f3 una intensa agenda de acciones comerciales, de capacitaci\u00f3n y de relacionamiento en <strong>C\u00f3rdoba, Buenos Aires, Rosario, Montevideo, Santiago de Chile, Lima y Asunci\u00f3n<\/strong>, acercando sus marcas representadas a profesionales de distintos mercados de la regi\u00f3n y generando nuevos espacios de conexi\u00f3n con el trade.<\/p>\n\n\n\n<p class=\"wp-block-paragraph\">La agenda incluy\u00f3 <strong>caravanas comerciales, workshops, encuentros con operadores y agentes de viajes, webinars, capacitaciones y acciones de prensa<\/strong>, con el objetivo de acercar novedades, profundizar el conocimiento de los productos y generar nuevas oportunidades de comercializaci\u00f3n, adem\u00e1s del lanzamiento de Comunidad Promov\u00eare.<\/p>\n\n\n\n<figure class=\"wp-block-image size-large\"><img loading=\"lazy\" decoding=\"async\" width=\"1150\" height=\"809\" src=\"https:\/\/rumbo.ar\/website\/wp-content\/uploads\/2026\/09\/Workshop-1-1150x809.jpg\" alt=\"\" class=\"wp-image-3662\" srcset=\"https:\/\/rumbo.ar\/website\/wp-content\/uploads\/2026\/09\/Workshop-1-1150x809.jpg 1150w, https:\/\/rumbo.ar\/website\/wp-content\/uploads\/2026\/09\/Workshop-1-800x563.jpg 800w, https:\/\/rumbo.ar\/website\/wp-content\/uploads\/2026\/09\/Workshop-1-767x540.jpg 767w, https:\/\/rumbo.ar\/website\/wp-content\/uploads\/2026\/09\/Workshop-1-1536x1081.jpg 1536w, https:\/\/rumbo.ar\/website\/wp-content\/uploads\/2026\/09\/Workshop-1-2048x1441.jpg 2048w\" sizes=\"auto, (max-width: 1150px) 100vw, 1150px\" \/><\/figure>\n\n\n\n<p class=\"wp-block-paragraph\">Entre las acciones de capacitaci\u00f3n se destacaron los <strong>webinars de ATELIER Playa Mujeres y Vila Gal\u00e9<\/strong>, espacios especialmente pensados para acercar novedades y herramientas comerciales a los agentes de viajes y fortalecer el conocimiento de ambas propuestas.<\/p>\n\n\n\n<p class=\"wp-block-paragraph\">En el \u00e1mbito de la comunicaci\u00f3n y las relaciones p\u00fablicas, Promov\u00eare tambi\u00e9n llev\u00f3 adelante una <strong>rueda de prensa para presentar a Grupo Lomas<\/strong>, generando un espacio de encuentro con periodistas y medios especializados para compartir las novedades y propuestas de la compa\u00f1\u00eda.<\/p>\n\n\n\n<p class=\"wp-block-paragraph\">La agenda comercial incluy\u00f3 adem\u00e1s el acompa\u00f1amiento a <strong>Vila Gal\u00e9<\/strong> en encuentros como <strong>Meeting Brasil<\/strong>, fortaleciendo su presencia y acercando su propuesta a operadores y profesionales de la industria.<\/p>\n\n\n\n<p class=\"wp-block-paragraph\">Adem\u00e1s se realizaron eventos en el interior del pa\u00eds en C\u00f3rdoba se destac\u00f3 Islas Caim\u00e1n con un gran evento para operadores, agentes y prensa.\u00a0<br>Siguiendo esta l\u00ednea desde la parte de PR se realiz\u00f3 un evento de prensa en Rosario para Caribe Mexicano donde se destacaron las nuevas rutas y se capacit\u00f3 sobre el destino.<\/p>\n\n\n\n<figure class=\"wp-block-image size-large\"><img loading=\"lazy\" decoding=\"async\" width=\"1150\" height=\"645\" src=\"https:\/\/rumbo.ar\/website\/wp-content\/uploads\/2026\/09\/WhatsApp-Image-2026-09-04-at-11.46.17-1150x645.jpeg\" alt=\"\" class=\"wp-image-3663\" srcset=\"https:\/\/rumbo.ar\/website\/wp-content\/uploads\/2026\/09\/WhatsApp-Image-2026-09-04-at-11.46.17-1150x645.jpeg 1150w, https:\/\/rumbo.ar\/website\/wp-content\/uploads\/2026\/09\/WhatsApp-Image-2026-09-04-at-11.46.17-800x449.jpeg 800w, https:\/\/rumbo.ar\/website\/wp-content\/uploads\/2026\/09\/WhatsApp-Image-2026-09-04-at-11.46.17-767x430.jpeg 767w, https:\/\/rumbo.ar\/website\/wp-content\/uploads\/2026\/09\/WhatsApp-Image-2026-09-04-at-11.46.17-1536x861.jpeg 1536w, https:\/\/rumbo.ar\/website\/wp-content\/uploads\/2026\/09\/WhatsApp-Image-2026-09-04-at-11.46.17.jpeg 1600w\" sizes=\"auto, (max-width: 1150px) 100vw, 1150px\" \/><\/figure>\n\n\n\n<h3 id=\"h-promo-select-una-iniciativa-propia-para-potenciar-la-distribucion\" class=\"wp-block-heading\"><strong>PROMO SELECT: una iniciativa propia para potenciar la distribuci\u00f3n<\/strong><\/h3>\n\n\n\n<p class=\"wp-block-paragraph\">Dentro de esta estrategia de desarrollo comercial, un espacio desarrollado junto a un grupo de operadores que funcionan como distribuidores oficiales de determinadas marcas representadas.<\/p>\n\n\n\n<p class=\"wp-block-paragraph\">La iniciativa busca generar un v\u00ednculo m\u00e1s cercano entre las marcas y los operadores, facilitando el acceso a informaci\u00f3n, novedades y propuestas comerciales, y ampliando las oportunidades de distribuci\u00f3n y venta.<\/p>\n\n\n\n<p class=\"wp-block-paragraph\"><strong>ATELIER de Hoteles, Hoteles Solaris y Hellenic Travel Network forman parte de PROMO SELECT<\/strong>, una propuesta orientada a conectar estas marcas con operadores estrat\u00e9gicos y potenciar su comercializaci\u00f3n en los mercados de la regi\u00f3n.&nbsp;<\/p>\n\n\n\n<h3 id=\"h-tambien-formacion-para-los-futuros-profesionales-del-turismo\" class=\"wp-block-heading\"><strong>Tambi\u00e9n, formaci\u00f3n para los futuros profesionales del turismo<\/strong><\/h3>\n\n\n\n<p class=\"wp-block-paragraph\">Como parte de su compromiso con el desarrollo de la industria, Promov\u00eare tambi\u00e9n particip\u00f3 de una iniciativa vinculada a la formaci\u00f3n profesional. La compa\u00f1\u00eda brind\u00f3 una charla para alumnos y profesores del <strong>Centro de Formaci\u00f3n Profesional N.\u00b0 6<\/strong>, a cargo de su Director de Marketing, <strong>Lucas Valentin<\/strong>.<\/p>\n\n\n\n<p class=\"wp-block-paragraph\">Durante el encuentro se present\u00f3 el rol de Promov\u00eare dentro de la industria tur\u00edstica, su forma de trabajo y la importancia de la articulaci\u00f3n entre los diferentes actores del sector.<\/p>\n\n\n\n<p class=\"wp-block-paragraph\">El encuentro fue posible gracias al espacio brindado por el <strong>CFP N.\u00b0 6<\/strong> y al acompa\u00f1amiento de <strong>Be The World<\/strong>, generando una instancia para acercar conocimientos y experiencias concretas a quienes hoy se encuentran form\u00e1ndose y ser\u00e1n parte del futuro de la actividad tur\u00edstica.<\/p>\n\n\n\n<h3 id=\"h-rumbo-a-fit-2026\" class=\"wp-block-heading\"><strong>Rumbo a FIT 2026<\/strong><\/h3>\n\n\n\n<p class=\"wp-block-paragraph\">Esta agenda tendr\u00e1 continuidad en <strong>FIT 2026<\/strong>, uno de los principales puntos de encuentro de la industria tur\u00edstica de la regi\u00f3n, donde Promov\u00eare acompa\u00f1ar\u00e1 a diferentes clientes con presencia propia.<\/p>\n\n\n\n<p class=\"wp-block-paragraph\">Durante la feria, <strong>Vila Gal\u00e9, Lifestyle Holidays, Lomas Hospitality, Caribe Mexicano e Islas Caim\u00e1n<\/strong> contar\u00e1n con sus propios stands, generando nuevos espacios de encuentro con operadores, agentes de viajes, medios y profesionales del sector.<\/p>\n\n\n\n<p class=\"wp-block-paragraph\">La participaci\u00f3n en FIT permitir\u00e1 dar continuidad al trabajo desarrollado durante los \u00faltimos meses, profundizar el v\u00ednculo con el trade y acercar las principales novedades de cada propuesta a los profesionales de la industria.<\/p>\n\n\n\n<p class=\"wp-block-paragraph\">Con una estrategia que combina <strong>desarrollo comercial, capacitaci\u00f3n, prensa, generaci\u00f3n de nuevos canales de distribuci\u00f3n y formaci\u00f3n<\/strong>, Promov\u00eare contin\u00faa consolidando su rol como socio estrat\u00e9gico para las marcas que buscan fortalecer su presencia y crecimiento en los mercados del Cono Sur.<\/p>\n\n\n\n<p class=\"wp-block-paragraph\">M\u00e1s sobre sus acciones en <a href=\"https:\/\/www.promovere.com.ar\/inicio\">https:\/\/www.promovere.com.ar\/inicio<\/a>&nbsp;<\/p>\n","protected":false},"excerpt":{"rendered":"<p>Durante estos \u00faltimos meses, Promov\u00eare desarroll\u00f3 una intensa agenda de acciones comerciales, de capacitaci\u00f3n y de relacionamiento en C\u00f3rdoba, Buenos Aires, Rosario, Montevideo, Santiago de Chile, Lima y Asunci\u00f3n, acercando sus marcas representadas a profesionales de distintos mercados de la regi\u00f3n y generando nuevos espacios de conexi\u00f3n con el trade. La agenda incluy\u00f3 caravanas comerciales, [&hellip;]<\/p>\n","protected":false},"author":2,"featured_media":3661,"comment_status":"closed","ping_status":"closed","sticky":false,"template":"","format":"standard","meta":{"footnotes":""},"categories":[9,10],"tags":[347,348,359],"class_list":["post-3660","post","type-post","status-publish","format-standard","has-post-thumbnail","hentry","category-actualidad","category-negocios-de-turismo","tag-agencias-de-viajes","tag-operadores-turisticos","tag-promocion-turistica"],"yoast_head":"<!-- This site is optimized with the Yoast SEO Premium plugin v27.4 (Yoast SEO v28.2) - https:\/\/yoast.com\/product\/yoast-seo-premium-wordpress\/ -->\n<title>Promov\u00eare fortalece su presencia regional con una agenda activa de acciones junto al trade - Rumbo Trade<\/title>\n<meta name=\"robots\" content=\"noindex, follow\" \/>\n<meta property=\"og:locale\" content=\"es_ES\" \/>\n<meta property=\"og:type\" content=\"article\" \/>\n<meta property=\"og:title\" content=\"Promov\u00eare fortalece su presencia regional con una agenda activa de acciones junto al trade\" \/>\n<meta property=\"og:description\" content=\"Durante estos \u00faltimos meses, Promov\u00eare desarroll\u00f3 una intensa agenda de acciones comerciales, de capacitaci\u00f3n y de relacionamiento en C\u00f3rdoba, Buenos Aires, Rosario, Montevideo, Santiago de Chile, Lima y Asunci\u00f3n, acercando sus marcas representadas a profesionales de distintos mercados de la regi\u00f3n y generando nuevos espacios de conexi\u00f3n con el trade. La agenda incluy\u00f3 caravanas comerciales, [&hellip;]\" \/>\n<meta property=\"og:url\" content=\"https:\/\/rumbo.ar\/website\/promovere-fortalece-su-presencia-regional-con-una-agenda-activa-de-acciones-junto-al-trade\/\" \/>\n<meta property=\"og:site_name\" content=\"Rumbo Trade\" \/>\n<meta property=\"article:published_time\" content=\"2026-09-04T14:46:39+00:00\" \/>\n<meta property=\"article:modified_time\" content=\"2026-09-04T14:46:40+00:00\" \/>\n<meta property=\"og:image\" content=\"https:\/\/rumbo.ar\/website\/wp-content\/uploads\/2026\/09\/Meeting-Brasil-2026-171-scaled.jpg\" \/>\n\t<meta property=\"og:image:width\" content=\"2560\" \/>\n\t<meta property=\"og:image:height\" content=\"1706\" \/>\n\t<meta property=\"og:image:type\" content=\"image\/jpeg\" \/>\n<meta name=\"author\" content=\"Facundo Barrera\" \/>\n<meta name=\"twitter:card\" content=\"summary_large_image\" \/>\n<meta name=\"twitter:label1\" content=\"Escrito por\" \/>\n\t<meta name=\"twitter:data1\" content=\"Facundo Barrera\" \/>\n\t<meta name=\"twitter:label2\" content=\"Tiempo de lectura\" \/>\n\t<meta name=\"twitter:data2\" content=\"4 minutos\" \/>\n<script type=\"application\/ld+json\" class=\"yoast-schema-graph\">{\"@context\":\"https:\\\/\\\/schema.org\",\"@graph\":[{\"@type\":\"Article\",\"@id\":\"https:\\\/\\\/rumbo.ar\\\/website\\\/promovere-fortalece-su-presencia-regional-con-una-agenda-activa-de-acciones-junto-al-trade\\\/#article\",\"isPartOf\":{\"@id\":\"https:\\\/\\\/rumbo.ar\\\/website\\\/promovere-fortalece-su-presencia-regional-con-una-agenda-activa-de-acciones-junto-al-trade\\\/\"},\"author\":{\"name\":\"Facundo Barrera\",\"@id\":\"https:\\\/\\\/rumbo.ar\\\/website\\\/#\\\/schema\\\/person\\\/1d4e0e2d98d77d34159b9fc9df886a96\"},\"headline\":\"Promov\u00eare fortalece su presencia regional con una agenda activa de acciones junto al trade\",\"datePublished\":\"2026-09-04T14:46:39+00:00\",\"dateModified\":\"2026-09-04T14:46:40+00:00\",\"mainEntityOfPage\":{\"@id\":\"https:\\\/\\\/rumbo.ar\\\/website\\\/promovere-fortalece-su-presencia-regional-con-una-agenda-activa-de-acciones-junto-al-trade\\\/\"},\"wordCount\":711,\"publisher\":{\"@id\":\"https:\\\/\\\/rumbo.ar\\\/website\\\/#organization\"},\"image\":{\"@id\":\"https:\\\/\\\/rumbo.ar\\\/website\\\/promovere-fortalece-su-presencia-regional-con-una-agenda-activa-de-acciones-junto-al-trade\\\/#primaryimage\"},\"thumbnailUrl\":\"https:\\\/\\\/rumbo.ar\\\/website\\\/wp-content\\\/uploads\\\/2026\\\/09\\\/Meeting-Brasil-2026-171-scaled.jpg\",\"keywords\":[\"Agencias de viajes\",\"Operadores tur\u00edsticos\",\"Promoci\u00f3n tur\u00edstica\"],\"articleSection\":[\"Actualidad\",\"Negocios\"],\"inLanguage\":\"es\"},{\"@type\":\"WebPage\",\"@id\":\"https:\\\/\\\/rumbo.ar\\\/website\\\/promovere-fortalece-su-presencia-regional-con-una-agenda-activa-de-acciones-junto-al-trade\\\/\",\"url\":\"https:\\\/\\\/rumbo.ar\\\/website\\\/promovere-fortalece-su-presencia-regional-con-una-agenda-activa-de-acciones-junto-al-trade\\\/\",\"name\":\"Promov\u00eare fortalece su presencia regional con una agenda activa de acciones junto al trade - Rumbo Trade\",\"isPartOf\":{\"@id\":\"https:\\\/\\\/rumbo.ar\\\/website\\\/#website\"},\"primaryImageOfPage\":{\"@id\":\"https:\\\/\\\/rumbo.ar\\\/website\\\/promovere-fortalece-su-presencia-regional-con-una-agenda-activa-de-acciones-junto-al-trade\\\/#primaryimage\"},\"image\":{\"@id\":\"https:\\\/\\\/rumbo.ar\\\/website\\\/promovere-fortalece-su-presencia-regional-con-una-agenda-activa-de-acciones-junto-al-trade\\\/#primaryimage\"},\"thumbnailUrl\":\"https:\\\/\\\/rumbo.ar\\\/website\\\/wp-content\\\/uploads\\\/2026\\\/09\\\/Meeting-Brasil-2026-171-scaled.jpg\",\"datePublished\":\"2026-09-04T14:46:39+00:00\",\"dateModified\":\"2026-09-04T14:46:40+00:00\",\"breadcrumb\":{\"@id\":\"https:\\\/\\\/rumbo.ar\\\/website\\\/promovere-fortalece-su-presencia-regional-con-una-agenda-activa-de-acciones-junto-al-trade\\\/#breadcrumb\"},\"inLanguage\":\"es\",\"potentialAction\":[{\"@type\":\"ReadAction\",\"target\":[\"https:\\\/\\\/rumbo.ar\\\/website\\\/promovere-fortalece-su-presencia-regional-con-una-agenda-activa-de-acciones-junto-al-trade\\\/\"]}]},{\"@type\":\"ImageObject\",\"inLanguage\":\"es\",\"@id\":\"https:\\\/\\\/rumbo.ar\\\/website\\\/promovere-fortalece-su-presencia-regional-con-una-agenda-activa-de-acciones-junto-al-trade\\\/#primaryimage\",\"url\":\"https:\\\/\\\/rumbo.ar\\\/website\\\/wp-content\\\/uploads\\\/2026\\\/09\\\/Meeting-Brasil-2026-171-scaled.jpg\",\"contentUrl\":\"https:\\\/\\\/rumbo.ar\\\/website\\\/wp-content\\\/uploads\\\/2026\\\/09\\\/Meeting-Brasil-2026-171-scaled.jpg\",\"width\":2560,\"height\":1706},{\"@type\":\"BreadcrumbList\",\"@id\":\"https:\\\/\\\/rumbo.ar\\\/website\\\/promovere-fortalece-su-presencia-regional-con-una-agenda-activa-de-acciones-junto-al-trade\\\/#breadcrumb\",\"itemListElement\":[{\"@type\":\"ListItem\",\"position\":1,\"name\":\"Portada\",\"item\":\"https:\\\/\\\/rumbo.ar\\\/website\\\/\"},{\"@type\":\"ListItem\",\"position\":2,\"name\":\"Promov\u00eare fortalece su presencia regional con una agenda activa de acciones junto al trade\"}]},{\"@type\":\"WebSite\",\"@id\":\"https:\\\/\\\/rumbo.ar\\\/website\\\/#website\",\"url\":\"https:\\\/\\\/rumbo.ar\\\/website\\\/\",\"name\":\"Rumbo Trade\",\"description\":\"Negocios &amp; Turismo\",\"publisher\":{\"@id\":\"https:\\\/\\\/rumbo.ar\\\/website\\\/#organization\"},\"potentialAction\":[{\"@type\":\"SearchAction\",\"target\":{\"@type\":\"EntryPoint\",\"urlTemplate\":\"https:\\\/\\\/rumbo.ar\\\/website\\\/?s={search_term_string}\"},\"query-input\":{\"@type\":\"PropertyValueSpecification\",\"valueRequired\":true,\"valueName\":\"search_term_string\"}}],\"inLanguage\":\"es\"},{\"@type\":\"Organization\",\"@id\":\"https:\\\/\\\/rumbo.ar\\\/website\\\/#organization\",\"name\":\"Rumbo Trade\",\"url\":\"https:\\\/\\\/rumbo.ar\\\/website\\\/\",\"logo\":{\"@type\":\"ImageObject\",\"inLanguage\":\"es\",\"@id\":\"https:\\\/\\\/rumbo.ar\\\/website\\\/#\\\/schema\\\/logo\\\/image\\\/\",\"url\":\"https:\\\/\\\/rumbo.ar\\\/website\\\/wp-content\\\/uploads\\\/2026\\\/05\\\/logo_web_3.webp\",\"contentUrl\":\"https:\\\/\\\/rumbo.ar\\\/website\\\/wp-content\\\/uploads\\\/2026\\\/05\\\/logo_web_3.webp\",\"width\":222,\"height\":120,\"caption\":\"Rumbo Trade\"},\"image\":{\"@id\":\"https:\\\/\\\/rumbo.ar\\\/website\\\/#\\\/schema\\\/logo\\\/image\\\/\"},\"sameAs\":[\"https:\\\/\\\/www.instagram.com\\\/rumbo.trade\\\/\"]},{\"@type\":\"Person\",\"@id\":\"https:\\\/\\\/rumbo.ar\\\/website\\\/#\\\/schema\\\/person\\\/1d4e0e2d98d77d34159b9fc9df886a96\",\"name\":\"Facundo Barrera\",\"image\":{\"@type\":\"ImageObject\",\"inLanguage\":\"es\",\"@id\":\"https:\\\/\\\/secure.gravatar.com\\\/avatar\\\/625d183222b6cfbba74f012bb7665c03b19a0eca101c2b9bd79665acb1d06e6b?s=96&d=mm&r=g\",\"url\":\"https:\\\/\\\/secure.gravatar.com\\\/avatar\\\/625d183222b6cfbba74f012bb7665c03b19a0eca101c2b9bd79665acb1d06e6b?s=96&d=mm&r=g\",\"contentUrl\":\"https:\\\/\\\/secure.gravatar.com\\\/avatar\\\/625d183222b6cfbba74f012bb7665c03b19a0eca101c2b9bd79665acb1d06e6b?s=96&d=mm&r=g\",\"caption\":\"Facundo Barrera\"},\"sameAs\":[\"http:\\\/\\\/rumbo.ar\"]}]}<\/script>\n<!-- \/ Yoast SEO Premium plugin. -->","yoast_head_json":{"title":"Promov\u00eare fortalece su presencia regional con una agenda activa de acciones junto al trade - Rumbo Trade","robots":{"index":"noindex","follow":"follow"},"og_locale":"es_ES","og_type":"article","og_title":"Promov\u00eare fortalece su presencia regional con una agenda activa de acciones junto al trade","og_description":"Durante estos \u00faltimos meses, Promov\u00eare desarroll\u00f3 una intensa agenda de acciones comerciales, de capacitaci\u00f3n y de relacionamiento en C\u00f3rdoba, Buenos Aires, Rosario, Montevideo, Santiago de Chile, Lima y Asunci\u00f3n, acercando sus marcas representadas a profesionales de distintos mercados de la regi\u00f3n y generando nuevos espacios de conexi\u00f3n con el trade. La agenda incluy\u00f3 caravanas comerciales, [&hellip;]","og_url":"https:\/\/rumbo.ar\/website\/promovere-fortalece-su-presencia-regional-con-una-agenda-activa-de-acciones-junto-al-trade\/","og_site_name":"Rumbo Trade","article_published_time":"2026-09-04T14:46:39+00:00","article_modified_time":"2026-09-04T14:46:40+00:00","og_image":[{"width":2560,"height":1706,"url":"https:\/\/rumbo.ar\/website\/wp-content\/uploads\/2026\/09\/Meeting-Brasil-2026-171-scaled.jpg","type":"image\/jpeg"}],"author":"Facundo Barrera","twitter_card":"summary_large_image","twitter_misc":{"Escrito por":"Facundo Barrera","Tiempo de lectura":"4 minutos"},"schema":{"@context":"https:\/\/schema.org","@graph":[{"@type":"Article","@id":"https:\/\/rumbo.ar\/website\/promovere-fortalece-su-presencia-regional-con-una-agenda-activa-de-acciones-junto-al-trade\/#article","isPartOf":{"@id":"https:\/\/rumbo.ar\/website\/promovere-fortalece-su-presencia-regional-con-una-agenda-activa-de-acciones-junto-al-trade\/"},"author":{"name":"Facundo Barrera","@id":"https:\/\/rumbo.ar\/website\/#\/schema\/person\/1d4e0e2d98d77d34159b9fc9df886a96"},"headline":"Promov\u00eare fortalece su presencia regional con una agenda activa de acciones junto al trade","datePublished":"2026-09-04T14:46:39+00:00","dateModified":"2026-09-04T14:46:40+00:00","mainEntityOfPage":{"@id":"https:\/\/rumbo.ar\/website\/promovere-fortalece-su-presencia-regional-con-una-agenda-activa-de-acciones-junto-al-trade\/"},"wordCount":711,"publisher":{"@id":"https:\/\/rumbo.ar\/website\/#organization"},"image":{"@id":"https:\/\/rumbo.ar\/website\/promovere-fortalece-su-presencia-regional-con-una-agenda-activa-de-acciones-junto-al-trade\/#primaryimage"},"thumbnailUrl":"https:\/\/rumbo.ar\/website\/wp-content\/uploads\/2026\/09\/Meeting-Brasil-2026-171-scaled.jpg","keywords":["Agencias de viajes","Operadores tur\u00edsticos","Promoci\u00f3n tur\u00edstica"],"articleSection":["Actualidad","Negocios"],"inLanguage":"es"},{"@type":"WebPage","@id":"https:\/\/rumbo.ar\/website\/promovere-fortalece-su-presencia-regional-con-una-agenda-activa-de-acciones-junto-al-trade\/","url":"https:\/\/rumbo.ar\/website\/promovere-fortalece-su-presencia-regional-con-una-agenda-activa-de-acciones-junto-al-trade\/","name":"Promov\u00eare fortalece su presencia regional con una agenda activa de acciones junto al trade - Rumbo Trade","isPartOf":{"@id":"https:\/\/rumbo.ar\/website\/#website"},"primaryImageOfPage":{"@id":"https:\/\/rumbo.ar\/website\/promovere-fortalece-su-presencia-regional-con-una-agenda-activa-de-acciones-junto-al-trade\/#primaryimage"},"image":{"@id":"https:\/\/rumbo.ar\/website\/promovere-fortalece-su-presencia-regional-con-una-agenda-activa-de-acciones-junto-al-trade\/#primaryimage"},"thumbnailUrl":"https:\/\/rumbo.ar\/website\/wp-content\/uploads\/2026\/09\/Meeting-Brasil-2026-171-scaled.jpg","datePublished":"2026-09-04T14:46:39+00:00","dateModified":"2026-09-04T14:46:40+00:00","breadcrumb":{"@id":"https:\/\/rumbo.ar\/website\/promovere-fortalece-su-presencia-regional-con-una-agenda-activa-de-acciones-junto-al-trade\/#breadcrumb"},"inLanguage":"es","potentialAction":[{"@type":"ReadAction","target":["https:\/\/rumbo.ar\/website\/promovere-fortalece-su-presencia-regional-con-una-agenda-activa-de-acciones-junto-al-trade\/"]}]},{"@type":"ImageObject","inLanguage":"es","@id":"https:\/\/rumbo.ar\/website\/promovere-fortalece-su-presencia-regional-con-una-agenda-activa-de-acciones-junto-al-trade\/#primaryimage","url":"https:\/\/rumbo.ar\/website\/wp-content\/uploads\/2026\/09\/Meeting-Brasil-2026-171-scaled.jpg","contentUrl":"https:\/\/rumbo.ar\/website\/wp-content\/uploads\/2026\/09\/Meeting-Brasil-2026-171-scaled.jpg","width":2560,"height":1706},{"@type":"BreadcrumbList","@id":"https:\/\/rumbo.ar\/website\/promovere-fortalece-su-presencia-regional-con-una-agenda-activa-de-acciones-junto-al-trade\/#breadcrumb","itemListElement":[{"@type":"ListItem","position":1,"name":"Portada","item":"https:\/\/rumbo.ar\/website\/"},{"@type":"ListItem","position":2,"name":"Promov\u00eare fortalece su presencia regional con una agenda activa de acciones junto al trade"}]},{"@type":"WebSite","@id":"https:\/\/rumbo.ar\/website\/#website","url":"https:\/\/rumbo.ar\/website\/","name":"Rumbo Trade","description":"Negocios &amp; Turismo","publisher":{"@id":"https:\/\/rumbo.ar\/website\/#organization"},"potentialAction":[{"@type":"SearchAction","target":{"@type":"EntryPoint","urlTemplate":"https:\/\/rumbo.ar\/website\/?s={search_term_string}"},"query-input":{"@type":"PropertyValueSpecification","valueRequired":true,"valueName":"search_term_string"}}],"inLanguage":"es"},{"@type":"Organization","@id":"https:\/\/rumbo.ar\/website\/#organization","name":"Rumbo Trade","url":"https:\/\/rumbo.ar\/website\/","logo":{"@type":"ImageObject","inLanguage":"es","@id":"https:\/\/rumbo.ar\/website\/#\/schema\/logo\/image\/","url":"https:\/\/rumbo.ar\/website\/wp-content\/uploads\/2026\/05\/logo_web_3.webp","contentUrl":"https:\/\/rumbo.ar\/website\/wp-content\/uploads\/2026\/05\/logo_web_3.webp","width":222,"height":120,"caption":"Rumbo Trade"},"image":{"@id":"https:\/\/rumbo.ar\/website\/#\/schema\/logo\/image\/"},"sameAs":["https:\/\/www.instagram.com\/rumbo.trade\/"]},{"@type":"Person","@id":"https:\/\/rumbo.ar\/website\/#\/schema\/person\/1d4e0e2d98d77d34159b9fc9df886a96","name":"Facundo Barrera","image":{"@type":"ImageObject","inLanguage":"es","@id":"https:\/\/secure.gravatar.com\/avatar\/625d183222b6cfbba74f012bb7665c03b19a0eca101c2b9bd79665acb1d06e6b?s=96&d=mm&r=g","url":"https:\/\/secure.gravatar.com\/avatar\/625d183222b6cfbba74f012bb7665c03b19a0eca101c2b9bd79665acb1d06e6b?s=96&d=mm&r=g","contentUrl":"https:\/\/secure.gravatar.com\/avatar\/625d183222b6cfbba74f012bb7665c03b19a0eca101c2b9bd79665acb1d06e6b?s=96&d=mm&r=g","caption":"Facundo Barrera"},"sameAs":["http:\/\/rumbo.ar"]}]}},"_links":{"self":[{"href":"https:\/\/rumbo.ar\/website\/wp-json\/wp\/v2\/posts\/3660","targetHints":{"allow":["GET"]}}],"collection":[{"href":"https:\/\/rumbo.ar\/website\/wp-json\/wp\/v2\/posts"}],"about":[{"href":"https:\/\/rumbo.ar\/website\/wp-json\/wp\/v2\/types\/post"}],"author":[{"embeddable":true,"href":"https:\/\/rumbo.ar\/website\/wp-json\/wp\/v2\/users\/2"}],"replies":[{"embeddable":true,"href":"https:\/\/rumbo.ar\/website\/wp-json\/wp\/v2\/comments?post=3660"}],"version-history":[{"count":1,"href":"https:\/\/rumbo.ar\/website\/wp-json\/wp\/v2\/posts\/3660\/revisions"}],"predecessor-version":[{"id":3664,"href":"https:\/\/rumbo.ar\/website\/wp-json\/wp\/v2\/posts\/3660\/revisions\/3664"}],"wp:featuredmedia":[{"embeddable":true,"href":"https:\/\/rumbo.ar\/website\/wp-json\/wp\/v2\/media\/3661"}],"wp:attachment":[{"href":"https:\/\/rumbo.ar\/website\/wp-json\/wp\/v2\/media?parent=3660"}],"wp:term":[{"taxonomy":"category","embeddable":true,"href":"https:\/\/rumbo.ar\/website\/wp-json\/wp\/v2\/categories?post=3660"},{"taxonomy":"post_tag","embeddable":true,"href":"https:\/\/rumbo.ar\/website\/wp-json\/wp\/v2\/tags?post=3660"}],"curies":[{"name":"wp","href":"https:\/\/api.w.org\/{rel}","templated":true}]}}