{"id":3646,"date":"2026-08-31T01:50:19","date_gmt":"2026-08-30T23:50:19","guid":{"rendered":"https:\/\/rumbo.ar\/website\/?p=3646"},"modified":"2026-08-31T01:50:20","modified_gmt":"2026-08-30T23:50:20","slug":"parana-y-santa-fe-fueron-sede-del-32-encuentro-de-municipios-turisticos-de-la-red-federal-de-turismo","status":"publish","type":"post","link":"https:\/\/rumbo.ar\/website\/parana-y-santa-fe-fueron-sede-del-32-encuentro-de-municipios-turisticos-de-la-red-federal-de-turismo\/","title":{"rendered":"Paran\u00e1 y Santa Fe fueron sede del 32\u00b0 Encuentro de Municipios Tur\u00edsticos de la Red Federal de Turismo"},"content":{"rendered":"\n<p class=\"wp-block-paragraph\">Dos jornadas de intercambio, gesti\u00f3n y experiencias reunieron a representantes de destinos de todo el pa\u00eds, con una agenda centrada en la integraci\u00f3n, las buenas pr\u00e1cticas, la sostenibilidad y los nuevos desaf\u00edos del turismo.<\/p>\n\n\n\n<p class=\"wp-block-paragraph\">Las ciudades de <strong>Paran\u00e1 y Santa Fe<\/strong> fueron escenario del <strong>32\u00b0 Encuentro de Municipios Tur\u00edsticos de la Red Federal de Turismo<\/strong>, una nueva edici\u00f3n de este espacio federal que reuni\u00f3 a funcionarios, referentes y representantes de destinos de diferentes puntos de la Argentina para compartir experiencias, analizar los desaf\u00edos de la actividad y avanzar en herramientas de gesti\u00f3n tur\u00edstica.<\/p>\n\n\n\n<p class=\"wp-block-paragraph\">Bajo la conducci\u00f3n del presidente de la <strong>Red Federal de Turismo, Lic. Pablo Sgubini<\/strong>, el encuentro volvi\u00f3 a poner en valor la importancia de fortalecer el trabajo entre municipios y destinos, promoviendo la cooperaci\u00f3n, el intercambio de conocimientos y la construcci\u00f3n de pol\u00edticas tur\u00edsticas desde una perspectiva federal.<\/p>\n\n\n\n<p class=\"wp-block-paragraph\">La edici\u00f3n desarrollada en Paran\u00e1 y Santa Fe tuvo adem\u00e1s una caracter\u00edstica particular: el concepto <strong>\u201cDos Ciudades, Un Destino\u201d<\/strong> atraves\u00f3 buena parte de la propuesta, poniendo en escena el potencial de dos ciudades capitales que, separadas por el r\u00edo Paran\u00e1, comparten historia, identidad, cercan\u00eda y m\u00faltiples posibilidades para el desarrollo de experiencias tur\u00edsticas complementarias.<\/p>\n\n\n\n<h2 id=\"h-un-encuentro-con-eje-en-la-gestion-turistica-local\" class=\"wp-block-heading\">Un encuentro con eje en la gesti\u00f3n tur\u00edstica local<\/h2>\n\n\n\n<p class=\"wp-block-paragraph\">La apertura oficial cont\u00f3 con la participaci\u00f3n de autoridades de Paran\u00e1, Santa Fe y las provincias de Entre R\u00edos y Santa Fe, junto a representantes de la Red Federal de Turismo.<\/p>\n\n\n\n<p class=\"wp-block-paragraph\">Durante las jornadas se abord\u00f3 la <strong>institucionalizaci\u00f3n del espacio de gesti\u00f3n local<\/strong>, destacando el crecimiento y la consolidaci\u00f3n de la Red Federal de Turismo como \u00e1mbito de articulaci\u00f3n entre municipios y destinos.<\/p>\n\n\n\n<p class=\"wp-block-paragraph\">Uno de los espacios centrales estuvo dedicado a la vinculaci\u00f3n con instituciones nacionales, a trav\u00e9s de una <strong>Mesa Federal de trabajo e integraci\u00f3n con el Consejo Federal de Turismo (CFT) y el Consejo Federal de Inversiones (CFI)<\/strong>.<\/p>\n\n\n\n<p class=\"wp-block-paragraph\">La agenda tambi\u00e9n permiti\u00f3 poner en com\u00fan diferentes experiencias de gesti\u00f3n y buenas pr\u00e1cticas desarrolladas en destinos del pa\u00eds, con el objetivo de generar herramientas que puedan ser adaptadas a las distintas realidades locales.<\/p>\n\n\n\n<figure class=\"wp-block-image size-large\"><img loading=\"lazy\" decoding=\"async\" width=\"1150\" height=\"647\" src=\"https:\/\/rumbo.ar\/website\/wp-content\/uploads\/2026\/08\/WhatsApp-Image-2026-08-30-at-20.41.18-1150x647.jpeg\" alt=\"\" class=\"wp-image-3649\" srcset=\"https:\/\/rumbo.ar\/website\/wp-content\/uploads\/2026\/08\/WhatsApp-Image-2026-08-30-at-20.41.18-1150x647.jpeg 1150w, https:\/\/rumbo.ar\/website\/wp-content\/uploads\/2026\/08\/WhatsApp-Image-2026-08-30-at-20.41.18-800x450.jpeg 800w, https:\/\/rumbo.ar\/website\/wp-content\/uploads\/2026\/08\/WhatsApp-Image-2026-08-30-at-20.41.18-768x432.jpeg 768w, https:\/\/rumbo.ar\/website\/wp-content\/uploads\/2026\/08\/WhatsApp-Image-2026-08-30-at-20.41.18-1536x864.jpeg 1536w, https:\/\/rumbo.ar\/website\/wp-content\/uploads\/2026\/08\/WhatsApp-Image-2026-08-30-at-20.41.18.jpeg 1600w\" sizes=\"auto, (max-width: 1150px) 100vw, 1150px\" \/><\/figure>\n\n\n\n<h2 id=\"h-microrregiones-y-trabajo-asociativo\" class=\"wp-block-heading\">Microrregiones y trabajo asociativo<\/h2>\n\n\n\n<p class=\"wp-block-paragraph\">Entre los temas abordados se destac\u00f3 el desarrollo de <strong>microrregiones tur\u00edsticas<\/strong> y la importancia de avanzar hacia modelos de gesti\u00f3n asociativos.<\/p>\n\n\n\n<p class=\"wp-block-paragraph\">La mirada regional plantea una oportunidad para que municipios cercanos puedan complementar sus propuestas, generar productos tur\u00edsticos integrados y potenciar sus recursos a partir de una estrategia conjunta.<\/p>\n\n\n\n<p class=\"wp-block-paragraph\">En este marco, Jorge Satto, presidente del Ente Mixto de Turismo de Entre R\u00edos, present\u00f3 la propuesta <strong>\u201cMicrorregiones tur\u00edsticas: una mirada asociativa\u201d<\/strong>, poniendo el foco en la cooperaci\u00f3n entre territorios como herramienta para fortalecer la actividad.<\/p>\n\n\n\n<p class=\"wp-block-paragraph\">La agenda de buenas pr\u00e1cticas tambi\u00e9n incluy\u00f3 la presentaci\u00f3n del documental <strong>\u201cPrimer Pueblo Peatonal: La Cumbrecita (30 a\u00f1os: El Comienzo)\u201d<\/strong>, como ejemplo de experiencias vinculadas al desarrollo y la transformaci\u00f3n de destinos tur\u00edsticos.<\/p>\n\n\n\n<figure class=\"wp-block-image size-large\"><img loading=\"lazy\" decoding=\"async\" width=\"1150\" height=\"647\" src=\"https:\/\/rumbo.ar\/website\/wp-content\/uploads\/2026\/08\/WhatsApp-Image-2026-08-30-at-20.37.46-1150x647.jpeg\" alt=\"\" class=\"wp-image-3648\" srcset=\"https:\/\/rumbo.ar\/website\/wp-content\/uploads\/2026\/08\/WhatsApp-Image-2026-08-30-at-20.37.46-1150x647.jpeg 1150w, https:\/\/rumbo.ar\/website\/wp-content\/uploads\/2026\/08\/WhatsApp-Image-2026-08-30-at-20.37.46-800x450.jpeg 800w, https:\/\/rumbo.ar\/website\/wp-content\/uploads\/2026\/08\/WhatsApp-Image-2026-08-30-at-20.37.46-768x432.jpeg 768w, https:\/\/rumbo.ar\/website\/wp-content\/uploads\/2026\/08\/WhatsApp-Image-2026-08-30-at-20.37.46.jpeg 1280w\" sizes=\"auto, (max-width: 1150px) 100vw, 1150px\" \/><\/figure>\n\n\n\n<h2 id=\"h-dos-ciudades-un-destino-parana-y-santa-fe\" class=\"wp-block-heading\">\u201cDos Ciudades, Un Destino\u201d: Paran\u00e1 y Santa Fe<\/h2>\n\n\n\n<p class=\"wp-block-paragraph\">Uno de los momentos destacados del encuentro fue el traslado de las delegaciones desde Paran\u00e1 hacia Santa Fe, bajo el concepto <strong>\u201cDos Ciudades, Un Destino\u201d<\/strong>.<\/p>\n\n\n\n<p class=\"wp-block-paragraph\">La propuesta permiti\u00f3 mostrar a los participantes parte de la identidad tur\u00edstica de ambas capitales y, especialmente, el rol del <strong>r\u00edo Paran\u00e1<\/strong> como elemento natural, paisaj\u00edstico y tur\u00edstico que conecta a las dos ciudades.<\/p>\n\n\n\n<p class=\"wp-block-paragraph\">La navegaci\u00f3n a bordo del <strong>Catamar\u00e1n Costa Litoral<\/strong> ofreci\u00f3 otra perspectiva del territorio y puso en valor al r\u00edo como uno de los grandes protagonistas de la experiencia tur\u00edstica del Litoral.<\/p>\n\n\n\n<p class=\"wp-block-paragraph\">En Santa Fe, adem\u00e1s, se desarroll\u00f3 una ronda de buenas pr\u00e1cticas locales bajo el eje <strong>\u201cLas ciudades y el turismo urbano\u201d<\/strong>, con la participaci\u00f3n de representantes de Paran\u00e1, Santa Fe, Rosario y C\u00f3rdoba.<\/p>\n\n\n\n<p class=\"wp-block-paragraph\">El intercambio permiti\u00f3 abordar los desaf\u00edos que presentan las ciudades para desarrollar propuestas tur\u00edsticas capaces de integrar patrimonio, cultura, gastronom\u00eda, espacios p\u00fablicos, experiencias y servicios.<\/p>\n\n\n\n<figure class=\"wp-block-image size-large\"><img loading=\"lazy\" decoding=\"async\" width=\"1150\" height=\"647\" src=\"https:\/\/rumbo.ar\/website\/wp-content\/uploads\/2026\/08\/WhatsApp-Image-2026-08-30-at-20.42.47-1150x647.jpeg\" alt=\"\" class=\"wp-image-3653\" srcset=\"https:\/\/rumbo.ar\/website\/wp-content\/uploads\/2026\/08\/WhatsApp-Image-2026-08-30-at-20.42.47-1150x647.jpeg 1150w, https:\/\/rumbo.ar\/website\/wp-content\/uploads\/2026\/08\/WhatsApp-Image-2026-08-30-at-20.42.47-800x450.jpeg 800w, https:\/\/rumbo.ar\/website\/wp-content\/uploads\/2026\/08\/WhatsApp-Image-2026-08-30-at-20.42.47-767x431.jpeg 767w, https:\/\/rumbo.ar\/website\/wp-content\/uploads\/2026\/08\/WhatsApp-Image-2026-08-30-at-20.42.47-1536x864.jpeg 1536w, https:\/\/rumbo.ar\/website\/wp-content\/uploads\/2026\/08\/WhatsApp-Image-2026-08-30-at-20.42.47.jpeg 1599w\" sizes=\"auto, (max-width: 1150px) 100vw, 1150px\" \/><\/figure>\n\n\n\n<h2 id=\"h-turismo-mice-una-oportunidad-para-las-ciudades\" class=\"wp-block-heading\">Turismo MICE, una oportunidad para las ciudades<\/h2>\n\n\n\n<p class=\"wp-block-paragraph\">La agenda incorpor\u00f3 tambi\u00e9n un espacio espec\u00edfico dedicado al <strong>Turismo MICE o Turismo de Reuniones<\/strong>, una actividad que representa una importante oportunidad para el desarrollo tur\u00edstico de las ciudades.<\/p>\n\n\n\n<p class=\"wp-block-paragraph\">La presentaci\u00f3n estuvo a cargo de <strong>Marcela Aeberhard<\/strong>, secretaria de Turismo de Santa Fe, y permiti\u00f3 analizar el potencial de los destinos urbanos para captar congresos, convenciones, reuniones corporativas, eventos y otras actividades vinculadas al turismo de reuniones.<\/p>\n\n\n\n<p class=\"wp-block-paragraph\">El segmento MICE genera movimiento durante todo el a\u00f1o y permite complementar la actividad tur\u00edstica tradicional, favoreciendo la ocupaci\u00f3n hotelera, la gastronom\u00eda, los servicios profesionales, el transporte y diferentes sectores de la econom\u00eda local.<\/p>\n\n\n\n<p class=\"wp-block-paragraph\">Para Paran\u00e1 y Santa Fe, la cercan\u00eda geogr\u00e1fica, la conectividad, la infraestructura y la posibilidad de trabajar de manera articulada representan una oportunidad para continuar posicion\u00e1ndose como un corredor con potencial para este segmento.<\/p>\n\n\n\n<figure class=\"wp-block-image size-large\"><img loading=\"lazy\" decoding=\"async\" width=\"1150\" height=\"647\" src=\"https:\/\/rumbo.ar\/website\/wp-content\/uploads\/2026\/08\/WhatsApp-Image-2026-08-30-at-20.42.48-1150x647.jpeg\" alt=\"\" class=\"wp-image-3650\" srcset=\"https:\/\/rumbo.ar\/website\/wp-content\/uploads\/2026\/08\/WhatsApp-Image-2026-08-30-at-20.42.48-1150x647.jpeg 1150w, https:\/\/rumbo.ar\/website\/wp-content\/uploads\/2026\/08\/WhatsApp-Image-2026-08-30-at-20.42.48-800x450.jpeg 800w, https:\/\/rumbo.ar\/website\/wp-content\/uploads\/2026\/08\/WhatsApp-Image-2026-08-30-at-20.42.48-768x432.jpeg 768w, https:\/\/rumbo.ar\/website\/wp-content\/uploads\/2026\/08\/WhatsApp-Image-2026-08-30-at-20.42.48-1536x864.jpeg 1536w, https:\/\/rumbo.ar\/website\/wp-content\/uploads\/2026\/08\/WhatsApp-Image-2026-08-30-at-20.42.48.jpeg 1600w\" sizes=\"auto, (max-width: 1150px) 100vw, 1150px\" \/><\/figure>\n\n\n\n<h2 id=\"h-sostenibilidad-legislacion-y-nuevos-desafios\" class=\"wp-block-heading\">Sostenibilidad, legislaci\u00f3n y nuevos desaf\u00edos<\/h2>\n\n\n\n<p class=\"wp-block-paragraph\">La segunda jornada de trabajo puso el foco en algunos de los principales desaf\u00edos que atraviesan actualmente a los destinos tur\u00edsticos.<\/p>\n\n\n\n<p class=\"wp-block-paragraph\">La <strong>sostenibilidad en los alojamientos<\/strong> ocup\u00f3 un lugar destacado a trav\u00e9s de la presentaci\u00f3n de la Asociaci\u00f3n de Hoteles de Turismo (AHT) sobre el programa <strong>\u201cHoteles m\u00e1s verdes\u201d<\/strong> y la evoluci\u00f3n de las certificaciones sustentables.<\/p>\n\n\n\n<p class=\"wp-block-paragraph\">La incorporaci\u00f3n de criterios ambientales a la gesti\u00f3n tur\u00edstica aparece cada vez con mayor fuerza como una herramienta para mejorar la competitividad de los destinos y responder a las nuevas demandas de los viajeros.<\/p>\n\n\n\n<p class=\"wp-block-paragraph\">Tambi\u00e9n se abordaron las conclusiones del <strong>Encuentro de Legislaci\u00f3n Tur\u00edstica<\/strong>, con una agenda que incluy\u00f3 cuestiones vinculadas a las inversiones tur\u00edsticas, el rol de contralor del Estado local, habilitaciones, inspecciones, seguridad, senderismo y comercio.<\/p>\n\n\n\n<p class=\"wp-block-paragraph\">A estos temas se sumaron el impacto de la reforma laboral, la defensa del patrimonio cultural y nuevas tendencias vinculadas a la <strong>protecci\u00f3n de los cielos nocturnos, el control digital, la seguridad alimentaria y el desarrollo de productos sustentables<\/strong>.<\/p>\n\n\n\n<p class=\"wp-block-paragraph\">La diversidad de temas reflej\u00f3 la complejidad que presenta actualmente la gesti\u00f3n tur\u00edstica municipal y la necesidad de contar con herramientas actualizadas para acompa\u00f1ar el crecimiento de la actividad.<\/p>\n\n\n\n<h2 id=\"h-jovenes-y-nuevas-oportunidades-para-el-turismo\" class=\"wp-block-heading\">J\u00f3venes y nuevas oportunidades para el turismo<\/h2>\n\n\n\n<p class=\"wp-block-paragraph\">Otro de los momentos de la agenda estuvo relacionado con la incorporaci\u00f3n de las nuevas generaciones al sector.<\/p>\n\n\n\n<p class=\"wp-block-paragraph\">En el marco del concurso <strong>\u201cTransforming the Future\u201d<\/strong>, organizado conjuntamente por <strong>Fundaci\u00f3n Plan21 y la Red Federal de Turismo<\/strong>, se realiz\u00f3 la premiaci\u00f3n del proyecto ganador orientado a la <strong>inserci\u00f3n de j\u00f3venes en la actividad tur\u00edstica<\/strong>.<\/p>\n\n\n\n<p class=\"wp-block-paragraph\">La iniciativa puso de manifiesto la necesidad de generar oportunidades de formaci\u00f3n, empleo e innovaci\u00f3n para las nuevas generaciones, entendiendo que el futuro de la actividad tambi\u00e9n depende de la capacidad del sector para incorporar nuevos talentos y miradas.<\/p>\n\n\n\n<figure class=\"wp-block-image size-large\"><img loading=\"lazy\" decoding=\"async\" width=\"1150\" height=\"647\" src=\"https:\/\/rumbo.ar\/website\/wp-content\/uploads\/2026\/08\/WhatsApp-Image-2026-08-30-at-20.42.48-1-1150x647.jpeg\" alt=\"\" class=\"wp-image-3651\" srcset=\"https:\/\/rumbo.ar\/website\/wp-content\/uploads\/2026\/08\/WhatsApp-Image-2026-08-30-at-20.42.48-1-1150x647.jpeg 1150w, https:\/\/rumbo.ar\/website\/wp-content\/uploads\/2026\/08\/WhatsApp-Image-2026-08-30-at-20.42.48-1-800x450.jpeg 800w, https:\/\/rumbo.ar\/website\/wp-content\/uploads\/2026\/08\/WhatsApp-Image-2026-08-30-at-20.42.48-1-768x432.jpeg 768w, https:\/\/rumbo.ar\/website\/wp-content\/uploads\/2026\/08\/WhatsApp-Image-2026-08-30-at-20.42.48-1-1536x864.jpeg 1536w, https:\/\/rumbo.ar\/website\/wp-content\/uploads\/2026\/08\/WhatsApp-Image-2026-08-30-at-20.42.48-1.jpeg 1600w\" sizes=\"auto, (max-width: 1150px) 100vw, 1150px\" \/><\/figure>\n\n\n\n<h2 class=\"wp-block-heading\">Paran\u00e1: experiencias tur\u00edsticas y naturaleza<\/h2>\n\n\n\n<p class=\"wp-block-paragraph\">La propuesta no termin\u00f3 en las salas de trabajo. La agenda tambi\u00e9n permiti\u00f3 que los participantes pudieran experimentar algunos de los atractivos tur\u00edsticos de Paran\u00e1.<\/p>\n\n\n\n<p class=\"wp-block-paragraph\">A trav\u00e9s de un recorrido en <strong>bus tur\u00edstico<\/strong>, navegaci\u00f3n por el r\u00edo Paran\u00e1 y una visita guiada al <strong>Islote Curup\u00ed<\/strong>, las delegaciones pudieron conocer parte de la oferta vinculada a la naturaleza, los paisajes y las experiencias que caracterizan al destino.<\/p>\n\n\n\n<p class=\"wp-block-paragraph\">El r\u00edo volvi\u00f3 a ocupar un papel central, esta vez como escenario de una experiencia tur\u00edstica que permiti\u00f3 acercar a los visitantes a uno de los principales recursos naturales de Paran\u00e1 y del Litoral.<\/p>\n\n\n\n<p class=\"wp-block-paragraph\">La gastronom\u00eda y los encuentros de camarader\u00eda completaron una agenda que busc\u00f3 combinar el intercambio profesional con el conocimiento directo de los destinos anfitriones.<\/p>\n\n\n\n<figure class=\"wp-block-image size-large\"><img loading=\"lazy\" decoding=\"async\" width=\"1150\" height=\"863\" src=\"https:\/\/rumbo.ar\/website\/wp-content\/uploads\/2026\/08\/WhatsApp-Image-2026-08-30-at-20.45.19-1150x863.jpeg\" alt=\"\" class=\"wp-image-3652\" srcset=\"https:\/\/rumbo.ar\/website\/wp-content\/uploads\/2026\/08\/WhatsApp-Image-2026-08-30-at-20.45.19-1150x863.jpeg 1150w, https:\/\/rumbo.ar\/website\/wp-content\/uploads\/2026\/08\/WhatsApp-Image-2026-08-30-at-20.45.19-800x600.jpeg 800w, https:\/\/rumbo.ar\/website\/wp-content\/uploads\/2026\/08\/WhatsApp-Image-2026-08-30-at-20.45.19-768x576.jpeg 768w, https:\/\/rumbo.ar\/website\/wp-content\/uploads\/2026\/08\/WhatsApp-Image-2026-08-30-at-20.45.19.jpeg 1280w\" sizes=\"auto, (max-width: 1150px) 100vw, 1150px\" \/><\/figure>\n\n\n\n<h2 class=\"wp-block-heading\">Pablo Sgubini: fortalecer una red federal<\/h2>\n\n\n\n<p class=\"wp-block-paragraph\">En el cierre del encuentro, <strong>Pablo Sgubini<\/strong> realiz\u00f3 un balance de las jornadas y destac\u00f3 la importancia de continuar consolidando espacios de participaci\u00f3n, intercambio y construcci\u00f3n conjunta.<\/p>\n\n\n\n<p class=\"wp-block-paragraph\">La necesidad de fortalecer los v\u00ednculos entre municipios, compartir conocimientos y generar herramientas de gesti\u00f3n volvi\u00f3 a aparecer como uno de los principales objetivos de la Red Federal de Turismo.<\/p>\n\n\n\n<p class=\"wp-block-paragraph\">En este sentido, los encuentros representan una oportunidad para que los destinos conozcan experiencias desarrolladas en otros territorios, generen nuevos v\u00ednculos y encuentren puntos de coincidencia para avanzar en proyectos de manera asociativa.<\/p>\n\n\n\n<p class=\"wp-block-paragraph\">La experiencia de Paran\u00e1 y Santa Fe sintetiz\u00f3 precisamente ese esp\u00edritu: <strong>dos ciudades que pueden complementarse, potenciar sus recursos y trabajar sobre una mirada tur\u00edstica regional a partir de aquello que las une<\/strong>.<\/p>\n\n\n\n<h2 class=\"wp-block-heading\">Rumbo, presente en una nueva edici\u00f3n<\/h2>\n\n\n\n<p class=\"wp-block-paragraph\">Como en cada uno de los <strong>Encuentros de Municipios Tur\u00edsticos<\/strong>, el equipo de <strong>Rumbo<\/strong> estuvo presente realizando una cobertura especial de las jornadas desarrolladas entre Paran\u00e1 y Santa Fe.<\/p>\n\n\n\n<p class=\"wp-block-paragraph\">A trav\u00e9s de sus diferentes plataformas, <strong>Rumbo acompa\u00f1\u00f3 una vez m\u00e1s este espacio federal de encuentro, intercambio y construcci\u00f3n conjunta<\/strong>, acercando a sus audiencias las principales actividades, experiencias, protagonistas y conclusiones de una nueva edici\u00f3n de la Red Federal de Turismo.<\/p>\n\n\n\n<p class=\"wp-block-paragraph\">La presencia de Rumbo en estos encuentros reafirma el compromiso de la <strong>Productora Integral<\/strong> con la difusi\u00f3n y el acompa\u00f1amiento de los principales espacios de debate, integraci\u00f3n y desarrollo de la actividad tur\u00edstica en Argentina.<\/p>\n\n\n\n<h2 class=\"wp-block-heading\">Un encuentro que dej\u00f3 nuevos desaf\u00edos<\/h2>\n\n\n\n<p class=\"wp-block-paragraph\">El <strong>32\u00b0 Encuentro de Municipios Tur\u00edsticos de la Red Federal de Turismo<\/strong> dej\u00f3 como resultado dos jornadas atravesadas por el intercambio, la capacitaci\u00f3n y la construcci\u00f3n de nuevas herramientas para la gesti\u00f3n.<\/p>\n\n\n\n<p class=\"wp-block-paragraph\">Sostenibilidad, turismo urbano, MICE, microrregiones, legislaci\u00f3n, innovaci\u00f3n, inserci\u00f3n de j\u00f3venes, articulaci\u00f3n p\u00fablico-privada y cooperaci\u00f3n entre destinos fueron algunos de los principales ejes que marcaron la agenda.<\/p>\n\n\n\n<p class=\"wp-block-paragraph\">Pero tambi\u00e9n dej\u00f3 una imagen concreta: la de <strong>Paran\u00e1 y Santa Fe trabajando como dos ciudades capaces de complementarse y mostrar el potencial de un destino regional conectado por el r\u00edo y por una identidad com\u00fan<\/strong>.<\/p>\n\n\n\n<p class=\"wp-block-paragraph\">Y la agenda de la Red Federal de Turismo ya tiene continuidad: <strong>durante el encuentro se confirm\u00f3 a la ciudad de Bariloche como sede del 33\u00b0 Encuentro de Municipios Tur\u00edsticos, que se llevar\u00e1 a cabo en el mes de noviembre<\/strong>.<\/p>\n\n\n\n<p class=\"wp-block-paragraph\">La pr\u00f3xima cita permitir\u00e1 volver a reunir a representantes de municipios y destinos de todo el pa\u00eds para continuar compartiendo experiencias, analizar los nuevos desaf\u00edos de la actividad y fortalecer una red que apuesta al trabajo conjunto como herramienta para el desarrollo tur\u00edstico.<\/p>\n\n\n\n<p class=\"wp-block-paragraph\">El desaf\u00edo hacia adelante ser\u00e1 transformar ese intercambio en nuevos proyectos, fortalecer las redes existentes y continuar construyendo un turismo federal, sostenible y competitivo, donde los municipios tengan un rol cada vez m\u00e1s importante en el desarrollo de sus comunidades.<\/p>\n\n\n\n<p class=\"wp-block-paragraph\"><strong>Paran\u00e1 y Santa Fe fueron, durante estas jornadas, mucho m\u00e1s que ciudades anfitrionas: fueron una muestra de que la integraci\u00f3n territorial puede convertirse en una verdadera herramienta para potenciar el turismo. Y Bariloche ya espera para tomar la posta en noviembre, en una nueva edici\u00f3n de este encuentro federal.<\/strong><\/p>\n\n\n\n<p class=\"wp-block-paragraph\"><\/p>\n","protected":false},"excerpt":{"rendered":"<p>Dos jornadas de intercambio, gesti\u00f3n y experiencias reunieron a representantes de destinos de todo el pa\u00eds, con una agenda centrada en la integraci\u00f3n, las buenas pr\u00e1cticas, la sostenibilidad y los nuevos desaf\u00edos del turismo. Las ciudades de Paran\u00e1 y Santa Fe fueron escenario del 32\u00b0 Encuentro de Municipios Tur\u00edsticos de la Red Federal de Turismo, [&hellip;]<\/p>\n","protected":false},"author":2,"featured_media":3654,"comment_status":"closed","ping_status":"closed","sticky":false,"template":"","format":"standard","meta":{"footnotes":""},"categories":[9,28,8,265],"tags":[363,359,361],"class_list":["post-3646","post","type-post","status-publish","format-standard","has-post-thumbnail","hentry","category-actualidad","category-argentina","category-destinos-turisticos","category-reuniones-incentivos-conferencias-exposiciones","tag-hospitalidad","tag-promocion-turistica","tag-tendencias"],"yoast_head":"<!-- This site is optimized with the Yoast SEO Premium plugin v27.4 (Yoast SEO v28.2) - https:\/\/yoast.com\/product\/yoast-seo-premium-wordpress\/ -->\n<title>Paran\u00e1 y Santa Fe fueron sede del 32\u00b0 Encuentro de Municipios Tur\u00edsticos de la Red Federal de Turismo - Rumbo Trade<\/title>\n<meta name=\"robots\" content=\"noindex, follow\" \/>\n<meta property=\"og:locale\" content=\"es_ES\" \/>\n<meta property=\"og:type\" content=\"article\" \/>\n<meta property=\"og:title\" content=\"Paran\u00e1 y Santa Fe fueron sede del 32\u00b0 Encuentro de Municipios Tur\u00edsticos de la Red Federal de Turismo\" \/>\n<meta property=\"og:description\" content=\"Dos jornadas de intercambio, gesti\u00f3n y experiencias reunieron a representantes de destinos de todo el pa\u00eds, con una agenda centrada en la integraci\u00f3n, las buenas pr\u00e1cticas, la sostenibilidad y los nuevos desaf\u00edos del turismo. Las ciudades de Paran\u00e1 y Santa Fe fueron escenario del 32\u00b0 Encuentro de Municipios Tur\u00edsticos de la Red Federal de Turismo, [&hellip;]\" \/>\n<meta property=\"og:url\" content=\"https:\/\/rumbo.ar\/website\/parana-y-santa-fe-fueron-sede-del-32-encuentro-de-municipios-turisticos-de-la-red-federal-de-turismo\/\" \/>\n<meta property=\"og:site_name\" content=\"Rumbo Trade\" \/>\n<meta property=\"article:published_time\" content=\"2026-08-30T23:50:19+00:00\" \/>\n<meta property=\"article:modified_time\" content=\"2026-08-30T23:50:20+00:00\" \/>\n<meta property=\"og:image\" content=\"https:\/\/rumbo.ar\/website\/wp-content\/uploads\/2026\/08\/WhatsApp-Image-2026-08-30-at-20.49.32.jpeg\" \/>\n\t<meta property=\"og:image:width\" content=\"1600\" \/>\n\t<meta property=\"og:image:height\" content=\"900\" \/>\n\t<meta property=\"og:image:type\" content=\"image\/jpeg\" \/>\n<meta name=\"author\" content=\"Facundo Barrera\" \/>\n<meta name=\"twitter:card\" content=\"summary_large_image\" \/>\n<meta name=\"twitter:label1\" content=\"Escrito por\" \/>\n\t<meta name=\"twitter:data1\" content=\"Facundo Barrera\" \/>\n\t<meta name=\"twitter:label2\" content=\"Tiempo de lectura\" \/>\n\t<meta name=\"twitter:data2\" content=\"10 minutos\" \/>\n<script type=\"application\/ld+json\" class=\"yoast-schema-graph\">{\"@context\":\"https:\\\/\\\/schema.org\",\"@graph\":[{\"@type\":\"Article\",\"@id\":\"https:\\\/\\\/rumbo.ar\\\/website\\\/parana-y-santa-fe-fueron-sede-del-32-encuentro-de-municipios-turisticos-de-la-red-federal-de-turismo\\\/#article\",\"isPartOf\":{\"@id\":\"https:\\\/\\\/rumbo.ar\\\/website\\\/parana-y-santa-fe-fueron-sede-del-32-encuentro-de-municipios-turisticos-de-la-red-federal-de-turismo\\\/\"},\"author\":{\"name\":\"Facundo Barrera\",\"@id\":\"https:\\\/\\\/rumbo.ar\\\/website\\\/#\\\/schema\\\/person\\\/1d4e0e2d98d77d34159b9fc9df886a96\"},\"headline\":\"Paran\u00e1 y Santa Fe fueron sede del 32\u00b0 Encuentro de Municipios Tur\u00edsticos de la Red Federal de Turismo\",\"datePublished\":\"2026-08-30T23:50:19+00:00\",\"dateModified\":\"2026-08-30T23:50:20+00:00\",\"mainEntityOfPage\":{\"@id\":\"https:\\\/\\\/rumbo.ar\\\/website\\\/parana-y-santa-fe-fueron-sede-del-32-encuentro-de-municipios-turisticos-de-la-red-federal-de-turismo\\\/\"},\"wordCount\":1871,\"publisher\":{\"@id\":\"https:\\\/\\\/rumbo.ar\\\/website\\\/#organization\"},\"image\":{\"@id\":\"https:\\\/\\\/rumbo.ar\\\/website\\\/parana-y-santa-fe-fueron-sede-del-32-encuentro-de-municipios-turisticos-de-la-red-federal-de-turismo\\\/#primaryimage\"},\"thumbnailUrl\":\"https:\\\/\\\/rumbo.ar\\\/website\\\/wp-content\\\/uploads\\\/2026\\\/08\\\/WhatsApp-Image-2026-08-30-at-20.49.32.jpeg\",\"keywords\":[\"Hospitalidad\",\"Promoci\u00f3n tur\u00edstica\",\"Tendencias\"],\"articleSection\":[\"Actualidad\",\"Argentina\",\"Destinos\",\"MICE\"],\"inLanguage\":\"es\"},{\"@type\":\"WebPage\",\"@id\":\"https:\\\/\\\/rumbo.ar\\\/website\\\/parana-y-santa-fe-fueron-sede-del-32-encuentro-de-municipios-turisticos-de-la-red-federal-de-turismo\\\/\",\"url\":\"https:\\\/\\\/rumbo.ar\\\/website\\\/parana-y-santa-fe-fueron-sede-del-32-encuentro-de-municipios-turisticos-de-la-red-federal-de-turismo\\\/\",\"name\":\"Paran\u00e1 y Santa Fe fueron sede del 32\u00b0 Encuentro de Municipios Tur\u00edsticos de la Red Federal de Turismo - Rumbo Trade\",\"isPartOf\":{\"@id\":\"https:\\\/\\\/rumbo.ar\\\/website\\\/#website\"},\"primaryImageOfPage\":{\"@id\":\"https:\\\/\\\/rumbo.ar\\\/website\\\/parana-y-santa-fe-fueron-sede-del-32-encuentro-de-municipios-turisticos-de-la-red-federal-de-turismo\\\/#primaryimage\"},\"image\":{\"@id\":\"https:\\\/\\\/rumbo.ar\\\/website\\\/parana-y-santa-fe-fueron-sede-del-32-encuentro-de-municipios-turisticos-de-la-red-federal-de-turismo\\\/#primaryimage\"},\"thumbnailUrl\":\"https:\\\/\\\/rumbo.ar\\\/website\\\/wp-content\\\/uploads\\\/2026\\\/08\\\/WhatsApp-Image-2026-08-30-at-20.49.32.jpeg\",\"datePublished\":\"2026-08-30T23:50:19+00:00\",\"dateModified\":\"2026-08-30T23:50:20+00:00\",\"breadcrumb\":{\"@id\":\"https:\\\/\\\/rumbo.ar\\\/website\\\/parana-y-santa-fe-fueron-sede-del-32-encuentro-de-municipios-turisticos-de-la-red-federal-de-turismo\\\/#breadcrumb\"},\"inLanguage\":\"es\",\"potentialAction\":[{\"@type\":\"ReadAction\",\"target\":[\"https:\\\/\\\/rumbo.ar\\\/website\\\/parana-y-santa-fe-fueron-sede-del-32-encuentro-de-municipios-turisticos-de-la-red-federal-de-turismo\\\/\"]}]},{\"@type\":\"ImageObject\",\"inLanguage\":\"es\",\"@id\":\"https:\\\/\\\/rumbo.ar\\\/website\\\/parana-y-santa-fe-fueron-sede-del-32-encuentro-de-municipios-turisticos-de-la-red-federal-de-turismo\\\/#primaryimage\",\"url\":\"https:\\\/\\\/rumbo.ar\\\/website\\\/wp-content\\\/uploads\\\/2026\\\/08\\\/WhatsApp-Image-2026-08-30-at-20.49.32.jpeg\",\"contentUrl\":\"https:\\\/\\\/rumbo.ar\\\/website\\\/wp-content\\\/uploads\\\/2026\\\/08\\\/WhatsApp-Image-2026-08-30-at-20.49.32.jpeg\",\"width\":1600,\"height\":900},{\"@type\":\"BreadcrumbList\",\"@id\":\"https:\\\/\\\/rumbo.ar\\\/website\\\/parana-y-santa-fe-fueron-sede-del-32-encuentro-de-municipios-turisticos-de-la-red-federal-de-turismo\\\/#breadcrumb\",\"itemListElement\":[{\"@type\":\"ListItem\",\"position\":1,\"name\":\"Portada\",\"item\":\"https:\\\/\\\/rumbo.ar\\\/website\\\/\"},{\"@type\":\"ListItem\",\"position\":2,\"name\":\"Paran\u00e1 y Santa Fe fueron sede del 32\u00b0 Encuentro de Municipios Tur\u00edsticos de la Red Federal de Turismo\"}]},{\"@type\":\"WebSite\",\"@id\":\"https:\\\/\\\/rumbo.ar\\\/website\\\/#website\",\"url\":\"https:\\\/\\\/rumbo.ar\\\/website\\\/\",\"name\":\"Rumbo Trade\",\"description\":\"Negocios &amp; Turismo\",\"publisher\":{\"@id\":\"https:\\\/\\\/rumbo.ar\\\/website\\\/#organization\"},\"potentialAction\":[{\"@type\":\"SearchAction\",\"target\":{\"@type\":\"EntryPoint\",\"urlTemplate\":\"https:\\\/\\\/rumbo.ar\\\/website\\\/?s={search_term_string}\"},\"query-input\":{\"@type\":\"PropertyValueSpecification\",\"valueRequired\":true,\"valueName\":\"search_term_string\"}}],\"inLanguage\":\"es\"},{\"@type\":\"Organization\",\"@id\":\"https:\\\/\\\/rumbo.ar\\\/website\\\/#organization\",\"name\":\"Rumbo Trade\",\"url\":\"https:\\\/\\\/rumbo.ar\\\/website\\\/\",\"logo\":{\"@type\":\"ImageObject\",\"inLanguage\":\"es\",\"@id\":\"https:\\\/\\\/rumbo.ar\\\/website\\\/#\\\/schema\\\/logo\\\/image\\\/\",\"url\":\"https:\\\/\\\/rumbo.ar\\\/website\\\/wp-content\\\/uploads\\\/2026\\\/05\\\/logo_web_3.webp\",\"contentUrl\":\"https:\\\/\\\/rumbo.ar\\\/website\\\/wp-content\\\/uploads\\\/2026\\\/05\\\/logo_web_3.webp\",\"width\":222,\"height\":120,\"caption\":\"Rumbo Trade\"},\"image\":{\"@id\":\"https:\\\/\\\/rumbo.ar\\\/website\\\/#\\\/schema\\\/logo\\\/image\\\/\"},\"sameAs\":[\"https:\\\/\\\/www.instagram.com\\\/rumbo.trade\\\/\"]},{\"@type\":\"Person\",\"@id\":\"https:\\\/\\\/rumbo.ar\\\/website\\\/#\\\/schema\\\/person\\\/1d4e0e2d98d77d34159b9fc9df886a96\",\"name\":\"Facundo Barrera\",\"image\":{\"@type\":\"ImageObject\",\"inLanguage\":\"es\",\"@id\":\"https:\\\/\\\/secure.gravatar.com\\\/avatar\\\/625d183222b6cfbba74f012bb7665c03b19a0eca101c2b9bd79665acb1d06e6b?s=96&d=mm&r=g\",\"url\":\"https:\\\/\\\/secure.gravatar.com\\\/avatar\\\/625d183222b6cfbba74f012bb7665c03b19a0eca101c2b9bd79665acb1d06e6b?s=96&d=mm&r=g\",\"contentUrl\":\"https:\\\/\\\/secure.gravatar.com\\\/avatar\\\/625d183222b6cfbba74f012bb7665c03b19a0eca101c2b9bd79665acb1d06e6b?s=96&d=mm&r=g\",\"caption\":\"Facundo Barrera\"},\"sameAs\":[\"http:\\\/\\\/rumbo.ar\"]}]}<\/script>\n<!-- \/ Yoast SEO Premium plugin. -->","yoast_head_json":{"title":"Paran\u00e1 y Santa Fe fueron sede del 32\u00b0 Encuentro de Municipios Tur\u00edsticos de la Red Federal de Turismo - Rumbo Trade","robots":{"index":"noindex","follow":"follow"},"og_locale":"es_ES","og_type":"article","og_title":"Paran\u00e1 y Santa Fe fueron sede del 32\u00b0 Encuentro de Municipios Tur\u00edsticos de la Red Federal de Turismo","og_description":"Dos jornadas de intercambio, gesti\u00f3n y experiencias reunieron a representantes de destinos de todo el pa\u00eds, con una agenda centrada en la integraci\u00f3n, las buenas pr\u00e1cticas, la sostenibilidad y los nuevos desaf\u00edos del turismo. Las ciudades de Paran\u00e1 y Santa Fe fueron escenario del 32\u00b0 Encuentro de Municipios Tur\u00edsticos de la Red Federal de Turismo, [&hellip;]","og_url":"https:\/\/rumbo.ar\/website\/parana-y-santa-fe-fueron-sede-del-32-encuentro-de-municipios-turisticos-de-la-red-federal-de-turismo\/","og_site_name":"Rumbo Trade","article_published_time":"2026-08-30T23:50:19+00:00","article_modified_time":"2026-08-30T23:50:20+00:00","og_image":[{"width":1600,"height":900,"url":"https:\/\/rumbo.ar\/website\/wp-content\/uploads\/2026\/08\/WhatsApp-Image-2026-08-30-at-20.49.32.jpeg","type":"image\/jpeg"}],"author":"Facundo Barrera","twitter_card":"summary_large_image","twitter_misc":{"Escrito por":"Facundo Barrera","Tiempo de lectura":"10 minutos"},"schema":{"@context":"https:\/\/schema.org","@graph":[{"@type":"Article","@id":"https:\/\/rumbo.ar\/website\/parana-y-santa-fe-fueron-sede-del-32-encuentro-de-municipios-turisticos-de-la-red-federal-de-turismo\/#article","isPartOf":{"@id":"https:\/\/rumbo.ar\/website\/parana-y-santa-fe-fueron-sede-del-32-encuentro-de-municipios-turisticos-de-la-red-federal-de-turismo\/"},"author":{"name":"Facundo Barrera","@id":"https:\/\/rumbo.ar\/website\/#\/schema\/person\/1d4e0e2d98d77d34159b9fc9df886a96"},"headline":"Paran\u00e1 y Santa Fe fueron sede del 32\u00b0 Encuentro de Municipios Tur\u00edsticos de la Red Federal de Turismo","datePublished":"2026-08-30T23:50:19+00:00","dateModified":"2026-08-30T23:50:20+00:00","mainEntityOfPage":{"@id":"https:\/\/rumbo.ar\/website\/parana-y-santa-fe-fueron-sede-del-32-encuentro-de-municipios-turisticos-de-la-red-federal-de-turismo\/"},"wordCount":1871,"publisher":{"@id":"https:\/\/rumbo.ar\/website\/#organization"},"image":{"@id":"https:\/\/rumbo.ar\/website\/parana-y-santa-fe-fueron-sede-del-32-encuentro-de-municipios-turisticos-de-la-red-federal-de-turismo\/#primaryimage"},"thumbnailUrl":"https:\/\/rumbo.ar\/website\/wp-content\/uploads\/2026\/08\/WhatsApp-Image-2026-08-30-at-20.49.32.jpeg","keywords":["Hospitalidad","Promoci\u00f3n tur\u00edstica","Tendencias"],"articleSection":["Actualidad","Argentina","Destinos","MICE"],"inLanguage":"es"},{"@type":"WebPage","@id":"https:\/\/rumbo.ar\/website\/parana-y-santa-fe-fueron-sede-del-32-encuentro-de-municipios-turisticos-de-la-red-federal-de-turismo\/","url":"https:\/\/rumbo.ar\/website\/parana-y-santa-fe-fueron-sede-del-32-encuentro-de-municipios-turisticos-de-la-red-federal-de-turismo\/","name":"Paran\u00e1 y Santa Fe fueron sede del 32\u00b0 Encuentro de Municipios Tur\u00edsticos de la Red Federal de Turismo - Rumbo Trade","isPartOf":{"@id":"https:\/\/rumbo.ar\/website\/#website"},"primaryImageOfPage":{"@id":"https:\/\/rumbo.ar\/website\/parana-y-santa-fe-fueron-sede-del-32-encuentro-de-municipios-turisticos-de-la-red-federal-de-turismo\/#primaryimage"},"image":{"@id":"https:\/\/rumbo.ar\/website\/parana-y-santa-fe-fueron-sede-del-32-encuentro-de-municipios-turisticos-de-la-red-federal-de-turismo\/#primaryimage"},"thumbnailUrl":"https:\/\/rumbo.ar\/website\/wp-content\/uploads\/2026\/08\/WhatsApp-Image-2026-08-30-at-20.49.32.jpeg","datePublished":"2026-08-30T23:50:19+00:00","dateModified":"2026-08-30T23:50:20+00:00","breadcrumb":{"@id":"https:\/\/rumbo.ar\/website\/parana-y-santa-fe-fueron-sede-del-32-encuentro-de-municipios-turisticos-de-la-red-federal-de-turismo\/#breadcrumb"},"inLanguage":"es","potentialAction":[{"@type":"ReadAction","target":["https:\/\/rumbo.ar\/website\/parana-y-santa-fe-fueron-sede-del-32-encuentro-de-municipios-turisticos-de-la-red-federal-de-turismo\/"]}]},{"@type":"ImageObject","inLanguage":"es","@id":"https:\/\/rumbo.ar\/website\/parana-y-santa-fe-fueron-sede-del-32-encuentro-de-municipios-turisticos-de-la-red-federal-de-turismo\/#primaryimage","url":"https:\/\/rumbo.ar\/website\/wp-content\/uploads\/2026\/08\/WhatsApp-Image-2026-08-30-at-20.49.32.jpeg","contentUrl":"https:\/\/rumbo.ar\/website\/wp-content\/uploads\/2026\/08\/WhatsApp-Image-2026-08-30-at-20.49.32.jpeg","width":1600,"height":900},{"@type":"BreadcrumbList","@id":"https:\/\/rumbo.ar\/website\/parana-y-santa-fe-fueron-sede-del-32-encuentro-de-municipios-turisticos-de-la-red-federal-de-turismo\/#breadcrumb","itemListElement":[{"@type":"ListItem","position":1,"name":"Portada","item":"https:\/\/rumbo.ar\/website\/"},{"@type":"ListItem","position":2,"name":"Paran\u00e1 y Santa Fe fueron sede del 32\u00b0 Encuentro de Municipios Tur\u00edsticos de la Red Federal de Turismo"}]},{"@type":"WebSite","@id":"https:\/\/rumbo.ar\/website\/#website","url":"https:\/\/rumbo.ar\/website\/","name":"Rumbo Trade","description":"Negocios &amp; Turismo","publisher":{"@id":"https:\/\/rumbo.ar\/website\/#organization"},"potentialAction":[{"@type":"SearchAction","target":{"@type":"EntryPoint","urlTemplate":"https:\/\/rumbo.ar\/website\/?s={search_term_string}"},"query-input":{"@type":"PropertyValueSpecification","valueRequired":true,"valueName":"search_term_string"}}],"inLanguage":"es"},{"@type":"Organization","@id":"https:\/\/rumbo.ar\/website\/#organization","name":"Rumbo Trade","url":"https:\/\/rumbo.ar\/website\/","logo":{"@type":"ImageObject","inLanguage":"es","@id":"https:\/\/rumbo.ar\/website\/#\/schema\/logo\/image\/","url":"https:\/\/rumbo.ar\/website\/wp-content\/uploads\/2026\/05\/logo_web_3.webp","contentUrl":"https:\/\/rumbo.ar\/website\/wp-content\/uploads\/2026\/05\/logo_web_3.webp","width":222,"height":120,"caption":"Rumbo Trade"},"image":{"@id":"https:\/\/rumbo.ar\/website\/#\/schema\/logo\/image\/"},"sameAs":["https:\/\/www.instagram.com\/rumbo.trade\/"]},{"@type":"Person","@id":"https:\/\/rumbo.ar\/website\/#\/schema\/person\/1d4e0e2d98d77d34159b9fc9df886a96","name":"Facundo Barrera","image":{"@type":"ImageObject","inLanguage":"es","@id":"https:\/\/secure.gravatar.com\/avatar\/625d183222b6cfbba74f012bb7665c03b19a0eca101c2b9bd79665acb1d06e6b?s=96&d=mm&r=g","url":"https:\/\/secure.gravatar.com\/avatar\/625d183222b6cfbba74f012bb7665c03b19a0eca101c2b9bd79665acb1d06e6b?s=96&d=mm&r=g","contentUrl":"https:\/\/secure.gravatar.com\/avatar\/625d183222b6cfbba74f012bb7665c03b19a0eca101c2b9bd79665acb1d06e6b?s=96&d=mm&r=g","caption":"Facundo Barrera"},"sameAs":["http:\/\/rumbo.ar"]}]}},"_links":{"self":[{"href":"https:\/\/rumbo.ar\/website\/wp-json\/wp\/v2\/posts\/3646","targetHints":{"allow":["GET"]}}],"collection":[{"href":"https:\/\/rumbo.ar\/website\/wp-json\/wp\/v2\/posts"}],"about":[{"href":"https:\/\/rumbo.ar\/website\/wp-json\/wp\/v2\/types\/post"}],"author":[{"embeddable":true,"href":"https:\/\/rumbo.ar\/website\/wp-json\/wp\/v2\/users\/2"}],"replies":[{"embeddable":true,"href":"https:\/\/rumbo.ar\/website\/wp-json\/wp\/v2\/comments?post=3646"}],"version-history":[{"count":1,"href":"https:\/\/rumbo.ar\/website\/wp-json\/wp\/v2\/posts\/3646\/revisions"}],"predecessor-version":[{"id":3655,"href":"https:\/\/rumbo.ar\/website\/wp-json\/wp\/v2\/posts\/3646\/revisions\/3655"}],"wp:featuredmedia":[{"embeddable":true,"href":"https:\/\/rumbo.ar\/website\/wp-json\/wp\/v2\/media\/3654"}],"wp:attachment":[{"href":"https:\/\/rumbo.ar\/website\/wp-json\/wp\/v2\/media?parent=3646"}],"wp:term":[{"taxonomy":"category","embeddable":true,"href":"https:\/\/rumbo.ar\/website\/wp-json\/wp\/v2\/categories?post=3646"},{"taxonomy":"post_tag","embeddable":true,"href":"https:\/\/rumbo.ar\/website\/wp-json\/wp\/v2\/tags?post=3646"}],"curies":[{"name":"wp","href":"https:\/\/api.w.org\/{rel}","templated":true}]}}