{"id":3638,"date":"2026-08-30T18:06:14","date_gmt":"2026-08-30T16:06:14","guid":{"rendered":"https:\/\/rumbo.ar\/website\/?p=3638"},"modified":"2026-08-30T18:06:15","modified_gmt":"2026-08-30T16:06:15","slug":"parana-una-propuesta-turistica-integral-para-sumar-al-portafolio-del-litoral","status":"publish","type":"post","link":"https:\/\/rumbo.ar\/website\/parana-una-propuesta-turistica-integral-para-sumar-al-portafolio-del-litoral\/","title":{"rendered":"Paran\u00e1: una propuesta tur\u00edstica integral para sumar al portafolio del litoral"},"content":{"rendered":"\n<p class=\"wp-block-paragraph\">La capital entrerriana cuenta con recursos para desarrollar propuestas de turismo de ocio, naturaleza, cultura, gastronom\u00eda y reuniones. R\u00edo, patrimonio, experiencias n\u00e1uticas e infraestructura para eventos conforman un producto vers\u00e1til para operadores y agencias de viajes.<\/p>\n\n\n\n<p class=\"wp-block-paragraph\">Paran\u00e1 se presenta ante el mercado tur\u00edstico como un destino con capacidad para articular diferentes productos en una misma estad\u00eda. Su ubicaci\u00f3n estrat\u00e9gica sobre el r\u00edo Paran\u00e1, sus atractivos naturales, patrimonio hist\u00f3rico y arquitect\u00f3nico, gastronom\u00eda y servicios permiten desarrollar propuestas tanto para escapadas y grupos como para programas corporativos y de turismo de reuniones.<\/p>\n\n\n\n<p class=\"wp-block-paragraph\">La ciudad ofrece adem\u00e1s la posibilidad de trabajar <strong>circuitos de corta duraci\u00f3n<\/strong>, combinando atractivos urbanos con experiencias vinculadas al r\u00edo y la naturaleza. Esto permite incorporar Paran\u00e1 a programas regionales, circuitos por el litoral o propuestas espec\u00edficas de fin de semana, con actividades que pueden adaptarse a distintos perfiles de pasajeros.<\/p>\n\n\n\n<figure class=\"wp-block-image size-large\"><img loading=\"lazy\" decoding=\"async\" width=\"1150\" height=\"766\" src=\"https:\/\/rumbo.ar\/website\/wp-content\/uploads\/2026\/08\/WhatsApp-Image-2026-08-30-at-12.54.42-3-1150x766.jpeg\" alt=\"\" class=\"wp-image-3639\" srcset=\"https:\/\/rumbo.ar\/website\/wp-content\/uploads\/2026\/08\/WhatsApp-Image-2026-08-30-at-12.54.42-3-1150x766.jpeg 1150w, https:\/\/rumbo.ar\/website\/wp-content\/uploads\/2026\/08\/WhatsApp-Image-2026-08-30-at-12.54.42-3-800x533.jpeg 800w, https:\/\/rumbo.ar\/website\/wp-content\/uploads\/2026\/08\/WhatsApp-Image-2026-08-30-at-12.54.42-3-767x511.jpeg 767w, https:\/\/rumbo.ar\/website\/wp-content\/uploads\/2026\/08\/WhatsApp-Image-2026-08-30-at-12.54.42-3-1536x1023.jpeg 1536w, https:\/\/rumbo.ar\/website\/wp-content\/uploads\/2026\/08\/WhatsApp-Image-2026-08-30-at-12.54.42-3.jpeg 1600w\" sizes=\"auto, (max-width: 1150px) 100vw, 1150px\" \/><\/figure>\n\n\n\n<p class=\"wp-block-paragraph\">Naturaleza y r\u00edo como producto tur\u00edstico<\/p>\n\n\n\n<p class=\"wp-block-paragraph\">El r\u00edo Paran\u00e1 constituye uno de los principales recursos para la generaci\u00f3n de experiencias. Entre las propuestas se destaca el <strong>cruce en lancha al islote Curup\u00ed<\/strong>, que permite desarrollar una actividad de naturaleza vinculada al paisaje de islas y humedales caracter\u00edstico del litoral.<\/p>\n\n\n\n<p class=\"wp-block-paragraph\">La excursi\u00f3n suma adem\u00e1s un atractivo diferencial para la comercializaci\u00f3n del destino: desde el islote se obtiene una <strong>vista panor\u00e1mica de Paran\u00e1 desde el otro lado del r\u00edo<\/strong>, con sus barrancas y perfil urbano como protagonista. La experiencia puede integrarse a programas de medio d\u00eda o jornada completa y complementar circuitos urbanos y gastron\u00f3micos.<\/p>\n\n\n\n<p class=\"wp-block-paragraph\">El entorno natural tambi\u00e9n ampl\u00eda las posibilidades para trabajar productos vinculados con <strong>turismo activo, pesca, actividades n\u00e1uticas, observaci\u00f3n de flora y fauna y experiencias al aire libre<\/strong>, segmentos que permiten diversificar la oferta y generar propuestas para diferentes p\u00fablicos.<\/p>\n\n\n\n<figure class=\"wp-block-image size-large\"><img loading=\"lazy\" decoding=\"async\" width=\"1150\" height=\"811\" src=\"https:\/\/rumbo.ar\/website\/wp-content\/uploads\/2026\/08\/WhatsApp-Image-2026-08-30-at-12.57.08-1150x811.jpeg\" alt=\"\" class=\"wp-image-3640\" srcset=\"https:\/\/rumbo.ar\/website\/wp-content\/uploads\/2026\/08\/WhatsApp-Image-2026-08-30-at-12.57.08-1150x811.jpeg 1150w, https:\/\/rumbo.ar\/website\/wp-content\/uploads\/2026\/08\/WhatsApp-Image-2026-08-30-at-12.57.08-800x564.jpeg 800w, https:\/\/rumbo.ar\/website\/wp-content\/uploads\/2026\/08\/WhatsApp-Image-2026-08-30-at-12.57.08-768x541.jpeg 768w, https:\/\/rumbo.ar\/website\/wp-content\/uploads\/2026\/08\/WhatsApp-Image-2026-08-30-at-12.57.08-1536x1083.jpeg 1536w, https:\/\/rumbo.ar\/website\/wp-content\/uploads\/2026\/08\/WhatsApp-Image-2026-08-30-at-12.57.08.jpeg 1538w\" sizes=\"auto, (max-width: 1150px) 100vw, 1150px\" \/><\/figure>\n\n\n\n<h2 id=\"h-patrimonio-y-city-tour\" class=\"wp-block-heading\">Patrimonio y city tour<\/h2>\n\n\n\n<p class=\"wp-block-paragraph\">El <strong>bus tur\u00edstico<\/strong> constituye otra herramienta para el desarrollo del producto urbano. Su recorrido permite presentar Paran\u00e1 a trav\u00e9s de sus principales atractivos, incorporando patrimonio, arquitectura e historia dentro de un mismo circuito.<\/p>\n\n\n\n<p class=\"wp-block-paragraph\">La propuesta permite identificar <strong>edificios emblem\u00e1ticos, espacios hist\u00f3ricos y diferentes expresiones de la arquitectura local<\/strong>, aportando contenido cultural a los programas tur\u00edsticos. Entre los puntos de inter\u00e9s se encuentra tambi\u00e9n la casa que funcion\u00f3 como Correo y donde vivi\u00f3 <strong>Carlos \u201cIndio\u201d Solari<\/strong>, un atractivo que suma una referencia de la cultura popular argentina al recorrido.<\/p>\n\n\n\n<p class=\"wp-block-paragraph\">Para agencias y operadores, este tipo de circuito permite incorporar una actividad organizada a programas de grupos, receptivos, viajes educativos, contingentes y escapadas, funcionando tambi\u00e9n como una primera aproximaci\u00f3n al destino.<\/p>\n\n\n\n<figure class=\"wp-block-image size-large\"><img loading=\"lazy\" decoding=\"async\" width=\"1150\" height=\"766\" src=\"https:\/\/rumbo.ar\/website\/wp-content\/uploads\/2026\/08\/WhatsApp-Image-2026-08-30-at-12.54.42-2-1150x766.jpeg\" alt=\"\" class=\"wp-image-3641\" srcset=\"https:\/\/rumbo.ar\/website\/wp-content\/uploads\/2026\/08\/WhatsApp-Image-2026-08-30-at-12.54.42-2-1150x766.jpeg 1150w, https:\/\/rumbo.ar\/website\/wp-content\/uploads\/2026\/08\/WhatsApp-Image-2026-08-30-at-12.54.42-2-767x511.jpeg 767w, https:\/\/rumbo.ar\/website\/wp-content\/uploads\/2026\/08\/WhatsApp-Image-2026-08-30-at-12.54.42-2-800x533.jpeg 800w, https:\/\/rumbo.ar\/website\/wp-content\/uploads\/2026\/08\/WhatsApp-Image-2026-08-30-at-12.54.42-2-1536x1023.jpeg 1536w, https:\/\/rumbo.ar\/website\/wp-content\/uploads\/2026\/08\/WhatsApp-Image-2026-08-30-at-12.54.42-2.jpeg 1600w\" sizes=\"auto, (max-width: 1150px) 100vw, 1150px\" \/><\/figure>\n\n\n\n<p class=\"wp-block-paragraph\">Gastronom\u00eda como complemento de la experiencia<\/p>\n\n\n\n<p class=\"wp-block-paragraph\">La oferta gastron\u00f3mica de Paran\u00e1 permite sumar diferentes formatos a los programas tur\u00edsticos, desde cocina regional y productos vinculados al r\u00edo hasta propuestas contempor\u00e1neas.<\/p>\n\n\n\n<p class=\"wp-block-paragraph\">La gastronom\u00eda puede integrarse como <strong>actividad complementaria dentro de circuitos urbanos y de naturaleza<\/strong>, como parte de programas para grupos o como experiencia espec\u00edfica para pasajeros interesados en conocer la identidad culinaria del litoral.<\/p>\n\n\n\n<p class=\"wp-block-paragraph\">La presencia del r\u00edo y la tradici\u00f3n gastron\u00f3mica asociada a los productos regionales permiten, adem\u00e1s, desarrollar propuestas que vinculen <strong>territorio, cultura y gastronom\u00eda<\/strong>, aportando valor diferencial a los paquetes comercializados.<\/p>\n\n\n\n<figure class=\"wp-block-image size-large\"><img loading=\"lazy\" decoding=\"async\" width=\"1150\" height=\"647\" src=\"https:\/\/rumbo.ar\/website\/wp-content\/uploads\/2026\/08\/WhatsApp-Image-2026-08-30-at-13.05.39-1150x647.jpeg\" alt=\"\" class=\"wp-image-3644\" srcset=\"https:\/\/rumbo.ar\/website\/wp-content\/uploads\/2026\/08\/WhatsApp-Image-2026-08-30-at-13.05.39-1150x647.jpeg 1150w, https:\/\/rumbo.ar\/website\/wp-content\/uploads\/2026\/08\/WhatsApp-Image-2026-08-30-at-13.05.39-800x450.jpeg 800w, https:\/\/rumbo.ar\/website\/wp-content\/uploads\/2026\/08\/WhatsApp-Image-2026-08-30-at-13.05.39-768x432.jpeg 768w, https:\/\/rumbo.ar\/website\/wp-content\/uploads\/2026\/08\/WhatsApp-Image-2026-08-30-at-13.05.39-1536x864.jpeg 1536w, https:\/\/rumbo.ar\/website\/wp-content\/uploads\/2026\/08\/WhatsApp-Image-2026-08-30-at-13.05.39.jpeg 1600w\" sizes=\"auto, (max-width: 1150px) 100vw, 1150px\" \/><\/figure>\n\n\n\n<h2 id=\"h-turismo-mice-infraestructura-y-destino-complementario\" class=\"wp-block-heading\">Turismo MICE: infraestructura y destino complementario<\/h2>\n\n\n\n<p class=\"wp-block-paragraph\">Paran\u00e1 cuenta con condiciones para desarrollar el segmento <strong>MICE<\/strong>, con infraestructura espec\u00edfica para congresos, convenciones, reuniones corporativas y eventos.<\/p>\n\n\n\n<p class=\"wp-block-paragraph\">El <strong>Centro Provincial de Convenciones<\/strong> constituye uno de los principales espacios para este segmento y permite recibir encuentros de diferentes escalas. A esta infraestructura se suma una oferta de servicios, hoteler\u00eda, gastronom\u00eda y actividades que posibilitan dise\u00f1ar programas complementarios para los participantes.<\/p>\n\n\n\n<p class=\"wp-block-paragraph\">La ciudad resulta especialmente atractiva para <strong>congresos, convenciones, viajes de incentivo, eventos corporativos y reuniones profesionales<\/strong>, ya que permite combinar las jornadas de trabajo con actividades vinculadas al r\u00edo, la naturaleza, la gastronom\u00eda y el patrimonio.<\/p>\n\n\n\n<p class=\"wp-block-paragraph\">Para el organizador, esto representa la posibilidad de desarrollar un programa integral: sede para el evento, alojamiento, gastronom\u00eda y experiencias tur\u00edsticas dentro de un mismo destino. Para el pasajero corporativo, significa sumar actividades de ocio y experiencias al viaje de negocios.<\/p>\n\n\n\n<figure class=\"wp-block-image size-large\"><img loading=\"lazy\" decoding=\"async\" width=\"1150\" height=\"766\" src=\"https:\/\/rumbo.ar\/website\/wp-content\/uploads\/2026\/08\/WhatsApp-Image-2026-08-30-at-12.54.42-1150x766.jpeg\" alt=\"\" class=\"wp-image-3643\" srcset=\"https:\/\/rumbo.ar\/website\/wp-content\/uploads\/2026\/08\/WhatsApp-Image-2026-08-30-at-12.54.42-1150x766.jpeg 1150w, https:\/\/rumbo.ar\/website\/wp-content\/uploads\/2026\/08\/WhatsApp-Image-2026-08-30-at-12.54.42-800x533.jpeg 800w, https:\/\/rumbo.ar\/website\/wp-content\/uploads\/2026\/08\/WhatsApp-Image-2026-08-30-at-12.54.42-767x511.jpeg 767w, https:\/\/rumbo.ar\/website\/wp-content\/uploads\/2026\/08\/WhatsApp-Image-2026-08-30-at-12.54.42-1536x1023.jpeg 1536w, https:\/\/rumbo.ar\/website\/wp-content\/uploads\/2026\/08\/WhatsApp-Image-2026-08-30-at-12.54.42.jpeg 1600w\" sizes=\"auto, (max-width: 1150px) 100vw, 1150px\" \/><\/figure>\n\n\n\n<h2 class=\"wp-block-heading\">Un destino adaptable a distintos segmentos<\/h2>\n\n\n\n<p class=\"wp-block-paragraph\">Uno de los principales atributos de Paran\u00e1 para el mercado profesional es la <strong>diversidad de productos que pueden integrarse en una misma propuesta<\/strong>.<\/p>\n\n\n\n<p class=\"wp-block-paragraph\">El destino permite trabajar escapadas, grupos, turismo de naturaleza, circuitos culturales, turismo activo, gastronom\u00eda, viajes corporativos y reuniones, con la posibilidad de combinar actividades seg\u00fan la duraci\u00f3n de la estad\u00eda y el perfil del pasajero.<\/p>\n\n\n\n<p class=\"wp-block-paragraph\">Esta versatilidad tambi\u00e9n permite desarrollar propuestas durante diferentes momentos del a\u00f1o y utilizar Paran\u00e1 como <strong>destino base o como parte de circuitos regionales<\/strong>, articulando sus atractivos con otros destinos entrerrianos y del litoral.<\/p>\n\n\n\n<h2 class=\"wp-block-heading\">Paran\u00e1, una oportunidad para el mercado tur\u00edstico<\/h2>\n\n\n\n<p class=\"wp-block-paragraph\">Con el r\u00edo como uno de sus principales recursos y una oferta que integra naturaleza, patrimonio, experiencias, gastronom\u00eda e infraestructura para reuniones, Paran\u00e1 presenta un producto tur\u00edstico con m\u00faltiples posibilidades de comercializaci\u00f3n.<\/p>\n\n\n\n<p class=\"wp-block-paragraph\">Para <strong>agencias de viajes, operadores, organizadores de eventos y profesionales del sector<\/strong>, la capital entrerriana ofrece la posibilidad de construir programas a medida, combinando experiencias y segmentos de acuerdo con las necesidades de cada grupo.<\/p>\n\n\n\n<p class=\"wp-block-paragraph\">Una propuesta que permite incorporar al litoral un destino con identidad propia, cercano, accesible y con capacidad para generar experiencias tanto para el turismo vacacional como para el mercado corporativo y de reuniones.<\/p>\n","protected":false},"excerpt":{"rendered":"<p>La capital entrerriana cuenta con recursos para desarrollar propuestas de turismo de ocio, naturaleza, cultura, gastronom\u00eda y reuniones. R\u00edo, patrimonio, experiencias n\u00e1uticas e infraestructura para eventos conforman un producto vers\u00e1til para operadores y agencias de viajes. Paran\u00e1 se presenta ante el mercado tur\u00edstico como un destino con capacidad para articular diferentes productos en una misma [&hellip;]<\/p>\n","protected":false},"author":2,"featured_media":3642,"comment_status":"closed","ping_status":"closed","sticky":false,"template":"","format":"standard","meta":{"footnotes":""},"categories":[9,28,8,265],"tags":[347,348,359],"class_list":["post-3638","post","type-post","status-publish","format-standard","has-post-thumbnail","hentry","category-actualidad","category-argentina","category-destinos-turisticos","category-reuniones-incentivos-conferencias-exposiciones","tag-agencias-de-viajes","tag-operadores-turisticos","tag-promocion-turistica"],"yoast_head":"<!-- This site is optimized with the Yoast SEO Premium plugin v27.4 (Yoast SEO v28.2) - https:\/\/yoast.com\/product\/yoast-seo-premium-wordpress\/ -->\n<title>Paran\u00e1: una propuesta tur\u00edstica integral para sumar al portafolio del litoral - Rumbo Trade<\/title>\n<meta name=\"robots\" content=\"noindex, follow\" \/>\n<meta property=\"og:locale\" content=\"es_ES\" \/>\n<meta property=\"og:type\" content=\"article\" \/>\n<meta property=\"og:title\" content=\"Paran\u00e1: una propuesta tur\u00edstica integral para sumar al portafolio del litoral\" \/>\n<meta property=\"og:description\" content=\"La capital entrerriana cuenta con recursos para desarrollar propuestas de turismo de ocio, naturaleza, cultura, gastronom\u00eda y reuniones. R\u00edo, patrimonio, experiencias n\u00e1uticas e infraestructura para eventos conforman un producto vers\u00e1til para operadores y agencias de viajes. Paran\u00e1 se presenta ante el mercado tur\u00edstico como un destino con capacidad para articular diferentes productos en una misma [&hellip;]\" \/>\n<meta property=\"og:url\" content=\"https:\/\/rumbo.ar\/website\/parana-una-propuesta-turistica-integral-para-sumar-al-portafolio-del-litoral\/\" \/>\n<meta property=\"og:site_name\" content=\"Rumbo Trade\" \/>\n<meta property=\"article:published_time\" content=\"2026-08-30T16:06:14+00:00\" \/>\n<meta property=\"article:modified_time\" content=\"2026-08-30T16:06:15+00:00\" \/>\n<meta property=\"og:image\" content=\"https:\/\/rumbo.ar\/website\/wp-content\/uploads\/2026\/08\/WhatsApp-Image-2026-08-30-at-12.54.42-1.jpeg\" \/>\n\t<meta property=\"og:image:width\" content=\"1600\" \/>\n\t<meta property=\"og:image:height\" content=\"1066\" \/>\n\t<meta property=\"og:image:type\" content=\"image\/jpeg\" \/>\n<meta name=\"author\" content=\"Facundo Barrera\" \/>\n<meta name=\"twitter:card\" content=\"summary_large_image\" \/>\n<meta name=\"twitter:label1\" content=\"Escrito por\" \/>\n\t<meta name=\"twitter:data1\" content=\"Facundo Barrera\" \/>\n\t<meta name=\"twitter:label2\" content=\"Tiempo de lectura\" \/>\n\t<meta name=\"twitter:data2\" content=\"6 minutos\" \/>\n<script type=\"application\/ld+json\" class=\"yoast-schema-graph\">{\"@context\":\"https:\\\/\\\/schema.org\",\"@graph\":[{\"@type\":\"Article\",\"@id\":\"https:\\\/\\\/rumbo.ar\\\/website\\\/parana-una-propuesta-turistica-integral-para-sumar-al-portafolio-del-litoral\\\/#article\",\"isPartOf\":{\"@id\":\"https:\\\/\\\/rumbo.ar\\\/website\\\/parana-una-propuesta-turistica-integral-para-sumar-al-portafolio-del-litoral\\\/\"},\"author\":{\"name\":\"Facundo Barrera\",\"@id\":\"https:\\\/\\\/rumbo.ar\\\/website\\\/#\\\/schema\\\/person\\\/1d4e0e2d98d77d34159b9fc9df886a96\"},\"headline\":\"Paran\u00e1: una propuesta tur\u00edstica integral para sumar al portafolio del litoral\",\"datePublished\":\"2026-08-30T16:06:14+00:00\",\"dateModified\":\"2026-08-30T16:06:15+00:00\",\"mainEntityOfPage\":{\"@id\":\"https:\\\/\\\/rumbo.ar\\\/website\\\/parana-una-propuesta-turistica-integral-para-sumar-al-portafolio-del-litoral\\\/\"},\"wordCount\":934,\"publisher\":{\"@id\":\"https:\\\/\\\/rumbo.ar\\\/website\\\/#organization\"},\"image\":{\"@id\":\"https:\\\/\\\/rumbo.ar\\\/website\\\/parana-una-propuesta-turistica-integral-para-sumar-al-portafolio-del-litoral\\\/#primaryimage\"},\"thumbnailUrl\":\"https:\\\/\\\/rumbo.ar\\\/website\\\/wp-content\\\/uploads\\\/2026\\\/08\\\/WhatsApp-Image-2026-08-30-at-12.54.42-1.jpeg\",\"keywords\":[\"Agencias de viajes\",\"Operadores tur\u00edsticos\",\"Promoci\u00f3n tur\u00edstica\"],\"articleSection\":[\"Actualidad\",\"Argentina\",\"Destinos\",\"MICE\"],\"inLanguage\":\"es\"},{\"@type\":\"WebPage\",\"@id\":\"https:\\\/\\\/rumbo.ar\\\/website\\\/parana-una-propuesta-turistica-integral-para-sumar-al-portafolio-del-litoral\\\/\",\"url\":\"https:\\\/\\\/rumbo.ar\\\/website\\\/parana-una-propuesta-turistica-integral-para-sumar-al-portafolio-del-litoral\\\/\",\"name\":\"Paran\u00e1: una propuesta tur\u00edstica integral para sumar al portafolio del litoral - Rumbo Trade\",\"isPartOf\":{\"@id\":\"https:\\\/\\\/rumbo.ar\\\/website\\\/#website\"},\"primaryImageOfPage\":{\"@id\":\"https:\\\/\\\/rumbo.ar\\\/website\\\/parana-una-propuesta-turistica-integral-para-sumar-al-portafolio-del-litoral\\\/#primaryimage\"},\"image\":{\"@id\":\"https:\\\/\\\/rumbo.ar\\\/website\\\/parana-una-propuesta-turistica-integral-para-sumar-al-portafolio-del-litoral\\\/#primaryimage\"},\"thumbnailUrl\":\"https:\\\/\\\/rumbo.ar\\\/website\\\/wp-content\\\/uploads\\\/2026\\\/08\\\/WhatsApp-Image-2026-08-30-at-12.54.42-1.jpeg\",\"datePublished\":\"2026-08-30T16:06:14+00:00\",\"dateModified\":\"2026-08-30T16:06:15+00:00\",\"breadcrumb\":{\"@id\":\"https:\\\/\\\/rumbo.ar\\\/website\\\/parana-una-propuesta-turistica-integral-para-sumar-al-portafolio-del-litoral\\\/#breadcrumb\"},\"inLanguage\":\"es\",\"potentialAction\":[{\"@type\":\"ReadAction\",\"target\":[\"https:\\\/\\\/rumbo.ar\\\/website\\\/parana-una-propuesta-turistica-integral-para-sumar-al-portafolio-del-litoral\\\/\"]}]},{\"@type\":\"ImageObject\",\"inLanguage\":\"es\",\"@id\":\"https:\\\/\\\/rumbo.ar\\\/website\\\/parana-una-propuesta-turistica-integral-para-sumar-al-portafolio-del-litoral\\\/#primaryimage\",\"url\":\"https:\\\/\\\/rumbo.ar\\\/website\\\/wp-content\\\/uploads\\\/2026\\\/08\\\/WhatsApp-Image-2026-08-30-at-12.54.42-1.jpeg\",\"contentUrl\":\"https:\\\/\\\/rumbo.ar\\\/website\\\/wp-content\\\/uploads\\\/2026\\\/08\\\/WhatsApp-Image-2026-08-30-at-12.54.42-1.jpeg\",\"width\":1600,\"height\":1066},{\"@type\":\"BreadcrumbList\",\"@id\":\"https:\\\/\\\/rumbo.ar\\\/website\\\/parana-una-propuesta-turistica-integral-para-sumar-al-portafolio-del-litoral\\\/#breadcrumb\",\"itemListElement\":[{\"@type\":\"ListItem\",\"position\":1,\"name\":\"Portada\",\"item\":\"https:\\\/\\\/rumbo.ar\\\/website\\\/\"},{\"@type\":\"ListItem\",\"position\":2,\"name\":\"Paran\u00e1: una propuesta tur\u00edstica integral para sumar al portafolio del litoral\"}]},{\"@type\":\"WebSite\",\"@id\":\"https:\\\/\\\/rumbo.ar\\\/website\\\/#website\",\"url\":\"https:\\\/\\\/rumbo.ar\\\/website\\\/\",\"name\":\"Rumbo Trade\",\"description\":\"Negocios &amp; Turismo\",\"publisher\":{\"@id\":\"https:\\\/\\\/rumbo.ar\\\/website\\\/#organization\"},\"potentialAction\":[{\"@type\":\"SearchAction\",\"target\":{\"@type\":\"EntryPoint\",\"urlTemplate\":\"https:\\\/\\\/rumbo.ar\\\/website\\\/?s={search_term_string}\"},\"query-input\":{\"@type\":\"PropertyValueSpecification\",\"valueRequired\":true,\"valueName\":\"search_term_string\"}}],\"inLanguage\":\"es\"},{\"@type\":\"Organization\",\"@id\":\"https:\\\/\\\/rumbo.ar\\\/website\\\/#organization\",\"name\":\"Rumbo Trade\",\"url\":\"https:\\\/\\\/rumbo.ar\\\/website\\\/\",\"logo\":{\"@type\":\"ImageObject\",\"inLanguage\":\"es\",\"@id\":\"https:\\\/\\\/rumbo.ar\\\/website\\\/#\\\/schema\\\/logo\\\/image\\\/\",\"url\":\"https:\\\/\\\/rumbo.ar\\\/website\\\/wp-content\\\/uploads\\\/2026\\\/05\\\/logo_web_3.webp\",\"contentUrl\":\"https:\\\/\\\/rumbo.ar\\\/website\\\/wp-content\\\/uploads\\\/2026\\\/05\\\/logo_web_3.webp\",\"width\":222,\"height\":120,\"caption\":\"Rumbo Trade\"},\"image\":{\"@id\":\"https:\\\/\\\/rumbo.ar\\\/website\\\/#\\\/schema\\\/logo\\\/image\\\/\"},\"sameAs\":[\"https:\\\/\\\/www.instagram.com\\\/rumbo.trade\\\/\"]},{\"@type\":\"Person\",\"@id\":\"https:\\\/\\\/rumbo.ar\\\/website\\\/#\\\/schema\\\/person\\\/1d4e0e2d98d77d34159b9fc9df886a96\",\"name\":\"Facundo Barrera\",\"image\":{\"@type\":\"ImageObject\",\"inLanguage\":\"es\",\"@id\":\"https:\\\/\\\/secure.gravatar.com\\\/avatar\\\/625d183222b6cfbba74f012bb7665c03b19a0eca101c2b9bd79665acb1d06e6b?s=96&d=mm&r=g\",\"url\":\"https:\\\/\\\/secure.gravatar.com\\\/avatar\\\/625d183222b6cfbba74f012bb7665c03b19a0eca101c2b9bd79665acb1d06e6b?s=96&d=mm&r=g\",\"contentUrl\":\"https:\\\/\\\/secure.gravatar.com\\\/avatar\\\/625d183222b6cfbba74f012bb7665c03b19a0eca101c2b9bd79665acb1d06e6b?s=96&d=mm&r=g\",\"caption\":\"Facundo Barrera\"},\"sameAs\":[\"http:\\\/\\\/rumbo.ar\"]}]}<\/script>\n<!-- \/ Yoast SEO Premium plugin. -->","yoast_head_json":{"title":"Paran\u00e1: una propuesta tur\u00edstica integral para sumar al portafolio del litoral - Rumbo Trade","robots":{"index":"noindex","follow":"follow"},"og_locale":"es_ES","og_type":"article","og_title":"Paran\u00e1: una propuesta tur\u00edstica integral para sumar al portafolio del litoral","og_description":"La capital entrerriana cuenta con recursos para desarrollar propuestas de turismo de ocio, naturaleza, cultura, gastronom\u00eda y reuniones. R\u00edo, patrimonio, experiencias n\u00e1uticas e infraestructura para eventos conforman un producto vers\u00e1til para operadores y agencias de viajes. Paran\u00e1 se presenta ante el mercado tur\u00edstico como un destino con capacidad para articular diferentes productos en una misma [&hellip;]","og_url":"https:\/\/rumbo.ar\/website\/parana-una-propuesta-turistica-integral-para-sumar-al-portafolio-del-litoral\/","og_site_name":"Rumbo Trade","article_published_time":"2026-08-30T16:06:14+00:00","article_modified_time":"2026-08-30T16:06:15+00:00","og_image":[{"width":1600,"height":1066,"url":"https:\/\/rumbo.ar\/website\/wp-content\/uploads\/2026\/08\/WhatsApp-Image-2026-08-30-at-12.54.42-1.jpeg","type":"image\/jpeg"}],"author":"Facundo Barrera","twitter_card":"summary_large_image","twitter_misc":{"Escrito por":"Facundo Barrera","Tiempo de lectura":"6 minutos"},"schema":{"@context":"https:\/\/schema.org","@graph":[{"@type":"Article","@id":"https:\/\/rumbo.ar\/website\/parana-una-propuesta-turistica-integral-para-sumar-al-portafolio-del-litoral\/#article","isPartOf":{"@id":"https:\/\/rumbo.ar\/website\/parana-una-propuesta-turistica-integral-para-sumar-al-portafolio-del-litoral\/"},"author":{"name":"Facundo Barrera","@id":"https:\/\/rumbo.ar\/website\/#\/schema\/person\/1d4e0e2d98d77d34159b9fc9df886a96"},"headline":"Paran\u00e1: una propuesta tur\u00edstica integral para sumar al portafolio del litoral","datePublished":"2026-08-30T16:06:14+00:00","dateModified":"2026-08-30T16:06:15+00:00","mainEntityOfPage":{"@id":"https:\/\/rumbo.ar\/website\/parana-una-propuesta-turistica-integral-para-sumar-al-portafolio-del-litoral\/"},"wordCount":934,"publisher":{"@id":"https:\/\/rumbo.ar\/website\/#organization"},"image":{"@id":"https:\/\/rumbo.ar\/website\/parana-una-propuesta-turistica-integral-para-sumar-al-portafolio-del-litoral\/#primaryimage"},"thumbnailUrl":"https:\/\/rumbo.ar\/website\/wp-content\/uploads\/2026\/08\/WhatsApp-Image-2026-08-30-at-12.54.42-1.jpeg","keywords":["Agencias de viajes","Operadores tur\u00edsticos","Promoci\u00f3n tur\u00edstica"],"articleSection":["Actualidad","Argentina","Destinos","MICE"],"inLanguage":"es"},{"@type":"WebPage","@id":"https:\/\/rumbo.ar\/website\/parana-una-propuesta-turistica-integral-para-sumar-al-portafolio-del-litoral\/","url":"https:\/\/rumbo.ar\/website\/parana-una-propuesta-turistica-integral-para-sumar-al-portafolio-del-litoral\/","name":"Paran\u00e1: una propuesta tur\u00edstica integral para sumar al portafolio del litoral - Rumbo Trade","isPartOf":{"@id":"https:\/\/rumbo.ar\/website\/#website"},"primaryImageOfPage":{"@id":"https:\/\/rumbo.ar\/website\/parana-una-propuesta-turistica-integral-para-sumar-al-portafolio-del-litoral\/#primaryimage"},"image":{"@id":"https:\/\/rumbo.ar\/website\/parana-una-propuesta-turistica-integral-para-sumar-al-portafolio-del-litoral\/#primaryimage"},"thumbnailUrl":"https:\/\/rumbo.ar\/website\/wp-content\/uploads\/2026\/08\/WhatsApp-Image-2026-08-30-at-12.54.42-1.jpeg","datePublished":"2026-08-30T16:06:14+00:00","dateModified":"2026-08-30T16:06:15+00:00","breadcrumb":{"@id":"https:\/\/rumbo.ar\/website\/parana-una-propuesta-turistica-integral-para-sumar-al-portafolio-del-litoral\/#breadcrumb"},"inLanguage":"es","potentialAction":[{"@type":"ReadAction","target":["https:\/\/rumbo.ar\/website\/parana-una-propuesta-turistica-integral-para-sumar-al-portafolio-del-litoral\/"]}]},{"@type":"ImageObject","inLanguage":"es","@id":"https:\/\/rumbo.ar\/website\/parana-una-propuesta-turistica-integral-para-sumar-al-portafolio-del-litoral\/#primaryimage","url":"https:\/\/rumbo.ar\/website\/wp-content\/uploads\/2026\/08\/WhatsApp-Image-2026-08-30-at-12.54.42-1.jpeg","contentUrl":"https:\/\/rumbo.ar\/website\/wp-content\/uploads\/2026\/08\/WhatsApp-Image-2026-08-30-at-12.54.42-1.jpeg","width":1600,"height":1066},{"@type":"BreadcrumbList","@id":"https:\/\/rumbo.ar\/website\/parana-una-propuesta-turistica-integral-para-sumar-al-portafolio-del-litoral\/#breadcrumb","itemListElement":[{"@type":"ListItem","position":1,"name":"Portada","item":"https:\/\/rumbo.ar\/website\/"},{"@type":"ListItem","position":2,"name":"Paran\u00e1: una propuesta tur\u00edstica integral para sumar al portafolio del litoral"}]},{"@type":"WebSite","@id":"https:\/\/rumbo.ar\/website\/#website","url":"https:\/\/rumbo.ar\/website\/","name":"Rumbo Trade","description":"Negocios &amp; Turismo","publisher":{"@id":"https:\/\/rumbo.ar\/website\/#organization"},"potentialAction":[{"@type":"SearchAction","target":{"@type":"EntryPoint","urlTemplate":"https:\/\/rumbo.ar\/website\/?s={search_term_string}"},"query-input":{"@type":"PropertyValueSpecification","valueRequired":true,"valueName":"search_term_string"}}],"inLanguage":"es"},{"@type":"Organization","@id":"https:\/\/rumbo.ar\/website\/#organization","name":"Rumbo Trade","url":"https:\/\/rumbo.ar\/website\/","logo":{"@type":"ImageObject","inLanguage":"es","@id":"https:\/\/rumbo.ar\/website\/#\/schema\/logo\/image\/","url":"https:\/\/rumbo.ar\/website\/wp-content\/uploads\/2026\/05\/logo_web_3.webp","contentUrl":"https:\/\/rumbo.ar\/website\/wp-content\/uploads\/2026\/05\/logo_web_3.webp","width":222,"height":120,"caption":"Rumbo Trade"},"image":{"@id":"https:\/\/rumbo.ar\/website\/#\/schema\/logo\/image\/"},"sameAs":["https:\/\/www.instagram.com\/rumbo.trade\/"]},{"@type":"Person","@id":"https:\/\/rumbo.ar\/website\/#\/schema\/person\/1d4e0e2d98d77d34159b9fc9df886a96","name":"Facundo Barrera","image":{"@type":"ImageObject","inLanguage":"es","@id":"https:\/\/secure.gravatar.com\/avatar\/625d183222b6cfbba74f012bb7665c03b19a0eca101c2b9bd79665acb1d06e6b?s=96&d=mm&r=g","url":"https:\/\/secure.gravatar.com\/avatar\/625d183222b6cfbba74f012bb7665c03b19a0eca101c2b9bd79665acb1d06e6b?s=96&d=mm&r=g","contentUrl":"https:\/\/secure.gravatar.com\/avatar\/625d183222b6cfbba74f012bb7665c03b19a0eca101c2b9bd79665acb1d06e6b?s=96&d=mm&r=g","caption":"Facundo Barrera"},"sameAs":["http:\/\/rumbo.ar"]}]}},"_links":{"self":[{"href":"https:\/\/rumbo.ar\/website\/wp-json\/wp\/v2\/posts\/3638","targetHints":{"allow":["GET"]}}],"collection":[{"href":"https:\/\/rumbo.ar\/website\/wp-json\/wp\/v2\/posts"}],"about":[{"href":"https:\/\/rumbo.ar\/website\/wp-json\/wp\/v2\/types\/post"}],"author":[{"embeddable":true,"href":"https:\/\/rumbo.ar\/website\/wp-json\/wp\/v2\/users\/2"}],"replies":[{"embeddable":true,"href":"https:\/\/rumbo.ar\/website\/wp-json\/wp\/v2\/comments?post=3638"}],"version-history":[{"count":1,"href":"https:\/\/rumbo.ar\/website\/wp-json\/wp\/v2\/posts\/3638\/revisions"}],"predecessor-version":[{"id":3645,"href":"https:\/\/rumbo.ar\/website\/wp-json\/wp\/v2\/posts\/3638\/revisions\/3645"}],"wp:featuredmedia":[{"embeddable":true,"href":"https:\/\/rumbo.ar\/website\/wp-json\/wp\/v2\/media\/3642"}],"wp:attachment":[{"href":"https:\/\/rumbo.ar\/website\/wp-json\/wp\/v2\/media?parent=3638"}],"wp:term":[{"taxonomy":"category","embeddable":true,"href":"https:\/\/rumbo.ar\/website\/wp-json\/wp\/v2\/categories?post=3638"},{"taxonomy":"post_tag","embeddable":true,"href":"https:\/\/rumbo.ar\/website\/wp-json\/wp\/v2\/tags?post=3638"}],"curies":[{"name":"wp","href":"https:\/\/api.w.org\/{rel}","templated":true}]}}