{"id":2973,"date":"2026-05-02T02:22:45","date_gmt":"2026-05-02T00:22:45","guid":{"rendered":"https:\/\/rumbo.ar\/website\/?p=2973"},"modified":"2026-05-02T02:22:46","modified_gmt":"2026-05-02T00:22:46","slug":"rio-negro-presento-en-rosario-su-temporada-de-invierno-2026-con-una-propuesta-integral-que-combina-nieve-mar-y-experiencias-unicas","status":"publish","type":"post","link":"https:\/\/rumbo.ar\/website\/rio-negro-presento-en-rosario-su-temporada-de-invierno-2026-con-una-propuesta-integral-que-combina-nieve-mar-y-experiencias-unicas\/","title":{"rendered":"R\u00edo Negro present\u00f3 en Rosario su Temporada de Invierno 2026 con una propuesta integral que combina nieve, mar y experiencias \u00fanicas"},"content":{"rendered":"\n<p>Fue este jueves 30 de abril en el Hotel Ros Tower en un encuentro que reuni\u00f3 a agentes de viajes, operadores tur\u00edsticos y prensa especializada.<\/p>\n\n\n\n<p> La provincia de R\u00edo Negro present\u00f3 su Temporada de Invierno 2026 en Rosario ante agentes de viajes, operadores tur\u00edsticos y prensa especializada. La jornada permiti\u00f3 dar a conocer una oferta renovada y cada vez m\u00e1s diversa, consolidando al destino como uno de los m\u00e1s completos de la Argentina de cara a la pr\u00f3xima temporada invernal.<\/p>\n\n\n\n<figure class=\"wp-block-image size-large\"><img loading=\"lazy\" decoding=\"async\" width=\"1150\" height=\"647\" src=\"https:\/\/rumbo.ar\/website\/wp-content\/uploads\/2026\/05\/33-1-1150x647.jpg\" alt=\"\" class=\"wp-image-2976\" srcset=\"https:\/\/rumbo.ar\/website\/wp-content\/uploads\/2026\/05\/33-1-1150x647.jpg 1150w, https:\/\/rumbo.ar\/website\/wp-content\/uploads\/2026\/05\/33-1-800x450.jpg 800w, https:\/\/rumbo.ar\/website\/wp-content\/uploads\/2026\/05\/33-1-768x432.jpg 768w, https:\/\/rumbo.ar\/website\/wp-content\/uploads\/2026\/05\/33-1-1536x864.jpg 1536w, https:\/\/rumbo.ar\/website\/wp-content\/uploads\/2026\/05\/33-1.jpg 1600w\" sizes=\"auto, (max-width: 1150px) 100vw, 1150px\" \/><\/figure>\n\n\n\n<p> Durante la presentaci\u00f3n, que estuvo a cargo de Bruno Hellrieger, presidente de la Agencia de Turismo de R\u00edo Negro, se destac\u00f3 el car\u00e1cter integral de la propuesta tur\u00edstica rionegrina, que articula su territorio en cuatro grandes regiones \u2014Andina, Estepa, Valles y Mar\u2014 y permite vivir m\u00faltiples experiencias en un mismo viaje. Desde la nieve en la Cordillera hasta la fauna marina en el Atl\u00e1ntico, la provincia invita a descubrir un invierno con identidad propia. Tambi\u00e9n estuvieron presentes diferentes prestadores de servicios tur\u00edsticos de la provincia como Susana Montenegro, de la C\u00e1mara de Turismo de El Bols\u00f3n; Cynthia Nimit\u00e1n, secretaria de Turismo de Dina Huapi; Marcelo Ojeda, representante de Cerro Laderas y Mar\u00eda Eugenia Soria, del Hostel Huinca Che de Las Grutas.<\/p>\n\n\n\n<p>La Regi\u00f3n Andina vuelve a posicionarse como el coraz\u00f3n de la temporada, con San Carlos de Bariloche como epicentro de la actividad invernal. All\u00ed, la nieve es protagonista a trav\u00e9s de centros de esqu\u00ed, excursiones lacustres y propuestas en bosques nevados, acompa\u00f1adas por una s\u00f3lida infraestructura hotelera y una destacada agenda gastron\u00f3mica y cultural. En este escenario, destinos como El Bols\u00f3n, con el centro de esqu\u00ed Perito Moreno, y Dina Huapi, como puerta de entrada al circuito cordillerano, ampl\u00edan la oferta con identidad propia.<\/p>\n\n\n\n<p>A su vez, la Regi\u00f3n Sur \u2014Estepa\u2014 se presenta como una alternativa en crecimiento, con paisajes imponentes y propuestas vinculadas al turismo rural, cient\u00edfico y paleontol\u00f3gico. La Ruta 23 y el Tren Patag\u00f3nico ofrecen experiencias \u00fanicas para recorrer la provincia de manera diferente, conectando la monta\u00f1a con el mar a trav\u00e9s de una de las rutas esc\u00e9nicas m\u00e1s impactantes de la Patagonia.<\/p>\n\n\n\n<p>En los Valles, el turismo se combina con la producci\u00f3n local, invitando a recorrer bodegas, chacras y disfrutar de la gastronom\u00eda regional. Ciudades como General Roca, Cipolletti y Villa Regina se posicionan como puntos clave para vivir experiencias enotur\u00edsticas y conocer de cerca la identidad productiva de R\u00edo Negro.<\/p>\n\n\n\n<p>Uno de los ejes destacados durante la presentaci\u00f3n fue tambi\u00e9n la propuesta de la regi\u00f3n Mar, donde la temporada de invierno coincide con el inicio de uno de los espect\u00e1culos naturales m\u00e1s impactantes del pa\u00eds: la fauna marina en el Golfo San Mat\u00edas. Desde Las Grutas hasta el Puerto de San Antonio Este, el avistaje de ballena franca austral \u2014declarada Monumento Natural\u2014, junto a delfines, lobos marinos y orcas, se convierte en una experiencia inolvidable.<\/p>\n\n\n\n<p>Las excursiones embarcadas, que se desarrollan entre junio y octubre, permiten observar de cerca a estos gigantes del mar bajo estrictos protocolos de turismo responsable, garantizando el respeto por el ecosistema. A esto se suman espacios como la Reserva Provincial Punta Bermeja, con m\u00e1s de 4.000 lobos marinos, y el Parque Nacional Islote Lobos, refugio de una biodiversidad \u00fanica.<\/p>\n\n\n\n<p>Adem\u00e1s, la costa rionegrina ofrece en invierno una experiencia diferente: paisajes abiertos, tranquilidad y una propuesta gastron\u00f3mica basada en mariscos frescos y productos del Atl\u00e1ntico, consolidando un producto tur\u00edstico que combina naturaleza, conservaci\u00f3n y calidad.<\/p>\n\n\n\n<p>Con esta presentaci\u00f3n en Rosario, R\u00edo Negro reafirma su estrategia de promoci\u00f3n en mercados clave del pa\u00eds, fortaleciendo el v\u00ednculo con el sector tur\u00edstico y posicion\u00e1ndose como un destino que trasciende la nieve. La provincia invita a descubrir un invierno completo, donde cada regi\u00f3n suma identidad y experiencias para todos los perfiles de viajeros.<\/p>\n\n\n\n<p><\/p>\n\n\n\n<p><\/p>\n\n\n\n<p><\/p>\n\n\n\n<p><\/p>\n\n\n\n<p><\/p>\n\n\n\n<p><\/p>\n\n\n\n<p><\/p>\n\n\n\n<p><\/p>\n","protected":false},"excerpt":{"rendered":"<p>Fue este jueves 30 de abril en el Hotel Ros Tower en un encuentro que reuni\u00f3 a agentes de viajes, operadores tur\u00edsticos y prensa especializada. La provincia de R\u00edo Negro present\u00f3 su Temporada de Invierno 2026 en Rosario ante agentes de viajes, operadores tur\u00edsticos y prensa especializada. La jornada permiti\u00f3 dar a conocer una oferta [&hellip;]<\/p>\n","protected":false},"author":2,"featured_media":2975,"comment_status":"closed","ping_status":"closed","sticky":false,"template":"","format":"standard","meta":{"footnotes":""},"categories":[28,10],"tags":[221,272,271],"class_list":["post-2973","post","type-post","status-publish","format-standard","has-post-thumbnail","hentry","category-argentina","category-negocios","tag-patagonia","tag-presentacio","tag-rionegro"],"_links":{"self":[{"href":"https:\/\/rumbo.ar\/website\/wp-json\/wp\/v2\/posts\/2973","targetHints":{"allow":["GET"]}}],"collection":[{"href":"https:\/\/rumbo.ar\/website\/wp-json\/wp\/v2\/posts"}],"about":[{"href":"https:\/\/rumbo.ar\/website\/wp-json\/wp\/v2\/types\/post"}],"author":[{"embeddable":true,"href":"https:\/\/rumbo.ar\/website\/wp-json\/wp\/v2\/users\/2"}],"replies":[{"embeddable":true,"href":"https:\/\/rumbo.ar\/website\/wp-json\/wp\/v2\/comments?post=2973"}],"version-history":[{"count":1,"href":"https:\/\/rumbo.ar\/website\/wp-json\/wp\/v2\/posts\/2973\/revisions"}],"predecessor-version":[{"id":2977,"href":"https:\/\/rumbo.ar\/website\/wp-json\/wp\/v2\/posts\/2973\/revisions\/2977"}],"wp:featuredmedia":[{"embeddable":true,"href":"https:\/\/rumbo.ar\/website\/wp-json\/wp\/v2\/media\/2975"}],"wp:attachment":[{"href":"https:\/\/rumbo.ar\/website\/wp-json\/wp\/v2\/media?parent=2973"}],"wp:term":[{"taxonomy":"category","embeddable":true,"href":"https:\/\/rumbo.ar\/website\/wp-json\/wp\/v2\/categories?post=2973"},{"taxonomy":"post_tag","embeddable":true,"href":"https:\/\/rumbo.ar\/website\/wp-json\/wp\/v2\/tags?post=2973"}],"curies":[{"name":"wp","href":"https:\/\/api.w.org\/{rel}","templated":true}]}}