{"id":2967,"date":"2026-05-02T02:02:55","date_gmt":"2026-05-02T00:02:55","guid":{"rendered":"https:\/\/rumbo.ar\/website\/?p=2967"},"modified":"2026-05-02T02:02:56","modified_gmt":"2026-05-02T00:02:56","slug":"turismo-en-la-provincia-mayo-ofrece-mas-de-30-propuestas-que-combinan-festivales-produccion-aniversarios-y-deporte","status":"publish","type":"post","link":"https:\/\/rumbo.ar\/website\/turismo-en-la-provincia-mayo-ofrece-mas-de-30-propuestas-que-combinan-festivales-produccion-aniversarios-y-deporte\/","title":{"rendered":"Turismo en la provincia: mayo ofrece m\u00e1s de 30 propuestas que combinan festivales, producci\u00f3n, aniversarios y deporte"},"content":{"rendered":"\n<p>\u201cLa mejora en los indicadores de violencia permiti\u00f3 recuperar el espacio p\u00fablico y potenciar una agenda de eventos que identifica a la provincia\u201d, se\u00f1al\u00f3 la vocera provincial, Virginia Coudannes. Por su parte, la secretaria de Turismo, Marcela Aeberhard, invit\u00f3 a \u201crecorrer el territorio y descubrir iniciativas \u00fanicas que distinguen a los santafesinos\u201d. La agenda completa de mayo se puede conocer en www.santafe.tur.ar\/eventos\/<\/p>\n\n\n\n<p>El Gobierno de la Provincia present\u00f3 este jueves la agenda tur\u00edstica de mayo, con m\u00e1s de 30 propuestas que comenzar\u00e1n durante el fin de semana largo por el D\u00eda Internacional de los Trabajadores. La actividad, realizada en la sala auditorio de la Casa de Gobierno en la ciudad de Santa Fe, estuvo encabezada por la vocera provincial, Virginia Coudannes, y la secretaria de Turismo, Marcela Aeberhard.<br>Durante el anuncio, las funcionarias detallaron un calendario que combina festivales musicales, fiestas productivas, aniversarios de localidades y eventos deportivos distribuidos en todo el territorio. Entre las principales propuestas se destacan el primer Torneo Provincial de P\u00e1del en Rosario, el Festival Tribus en la ciudad de Santa Fe y la Fiesta Nacional del Algod\u00f3n en Avellaneda. Tambi\u00e9n figuran el espect\u00e1culo Paradoks en Rosario, el 160\u00ba aniversario de Rold\u00e1n y una jornada de cicloturismo en el marco de la Fiesta Nacional del Citrus.<br>Coudannes subray\u00f3 el impacto econ\u00f3mico del turismo y remarc\u00f3 el trabajo articulado con el sector privado: \u201cAl Gobierno de Santa Fe el turismo le interesa porque genera movimiento econ\u00f3mico y empleo. Junto a gastron\u00f3micos, hoteleros y empresarios venimos impulsando la actividad en toda la provincia\u201d.<br>En esa l\u00ednea, sostuvo que el contexto de mayor seguridad tambi\u00e9n favorece el desarrollo del sector: \u201cLa mejora en los indicadores de violencia, especialmente en Rosario, permite recuperar el espacio p\u00fablico y potenciar una agenda de eventos que identifica a Santa Fe\u201d.<\/p>\n\n\n\n<figure class=\"wp-block-image size-large\"><img loading=\"lazy\" decoding=\"async\" width=\"1150\" height=\"766\" src=\"https:\/\/rumbo.ar\/website\/wp-content\/uploads\/2026\/05\/c7998e0d-321d-49ef-b840-d7715c00b2d1-1150x766.jpg\" alt=\"\" class=\"wp-image-2968\" srcset=\"https:\/\/rumbo.ar\/website\/wp-content\/uploads\/2026\/05\/c7998e0d-321d-49ef-b840-d7715c00b2d1-1150x766.jpg 1150w, https:\/\/rumbo.ar\/website\/wp-content\/uploads\/2026\/05\/c7998e0d-321d-49ef-b840-d7715c00b2d1-800x533.jpg 800w, https:\/\/rumbo.ar\/website\/wp-content\/uploads\/2026\/05\/c7998e0d-321d-49ef-b840-d7715c00b2d1-768x512.jpg 768w, https:\/\/rumbo.ar\/website\/wp-content\/uploads\/2026\/05\/c7998e0d-321d-49ef-b840-d7715c00b2d1-1536x1023.jpg 1536w, https:\/\/rumbo.ar\/website\/wp-content\/uploads\/2026\/05\/c7998e0d-321d-49ef-b840-d7715c00b2d1.jpg 1600w\" sizes=\"auto, (max-width: 1150px) 100vw, 1150px\" \/><\/figure>\n\n\n\n<p>Viajar por la provincia<\/p>\n\n\n\n<p>A su turno, Aeberhard destac\u00f3 la diversidad territorial de la propuesta e invit\u00f3 a recorrer la provincia durante los dos fines de semana largos de mayo: \u201cQueremos que los santafesinos viajen por su provincia. Tenemos m\u00e1s de 30 eventos destacados, con identidad local y propuestas para todos los p\u00fablicos\u201d.<br>La funcionaria puso el acento en el norte santafesino, donde este fin de semana se celebrar\u00e1 la Fiesta Nacional del Algod\u00f3n en Avellaneda, con espect\u00e1culos musicales y una fuerte impronta productiva. Tambi\u00e9n resalt\u00f3 el potencial del turismo de naturaleza en el Jaaukanig\u00e1s, con opciones de caba\u00f1as, senderismo y avistaje de aves.<br>En el corredor de la Ruta Provincial 1, mencion\u00f3 la oferta de localidades como San Javier, Helvecia y Cayast\u00e1, que combinan gastronom\u00eda, paisajes y actividades recreativas. En paralelo, indic\u00f3 que las ciudades de Santa Fe y Rosario concentrar\u00e1n eventos musicales y deportivos de relevancia.<br>\u201cDurante todo mayo habr\u00e1 propuestas tanto en grandes centros urbanos como en peque\u00f1as localidades, con iniciativas propias que reflejan la identidad de cada lugar\u201d, concluy\u00f3.<\/p>\n\n\n\n<p>Agenda del fin de semana largo<\/p>\n\n\n\n<p>El 1 de mayo se realizar\u00e1n \u201cEl Laburazo\u201d en G\u00e1lvez (Paseo del Centenario); el 160\u00ba aniversario de Rold\u00e1n (Paseo de la Estaci\u00f3n); el 3\u00ba Cicloturismo de la Fiesta del Citrus en Malabrigo (Club Boca Juniors); el \u201cSenderismo bajo luna llena\u201d en Las Toscas (Club Pato Cu\u00e1); y el show de DJ Paradoks en el Complejo Forest de Rosario.<br>Del 1 al 2 de mayo tendr\u00e1 lugar el Festival Tribus 2026 en la Estaci\u00f3n Belgrano de la ciudad de Santa Fe, mientras que el 2 se desarrollar\u00e1n \u201cMuestras y propuestas participativas\u201d en La Josefa.<br>Entre el 1 y el 3 de mayo se llevar\u00e1 adelante \u201cFin de semana largo en Helvecia\u201d en la plazoleta Muscatello, junto con el primer Torneo Provincial de P\u00e1del en complejos deportivos de Rosario. En tanto, el 2 y 3 de mayo se celebrar\u00e1 la Fiesta Nacional del Algod\u00f3n en la plaza 9 de Julio de Avellaneda.<br>El 3 de mayo, finalmente, se realizar\u00e1 el TuAFest -fiesta motera- en Firmat, en el play\u00f3n del ferrocarril, y el 27\u00ba aniversario de La Contra en el Centro Cultural Provincial de Santa Fe.<\/p>\n\n\n\n<p>Agenda completa<\/p>\n\n\n\n<p>La Secretar\u00eda de Turismo provincial inform\u00f3 que el calendario completo, con m\u00e1s de 30 actividades previstas durante mayo, puede consultarse en el sitio oficial: https:\/\/www.santafe.tur.ar\/eventos\/<\/p>\n","protected":false},"excerpt":{"rendered":"<p>\u201cLa mejora en los indicadores de violencia permiti\u00f3 recuperar el espacio p\u00fablico y potenciar una agenda de eventos que identifica a la provincia\u201d, se\u00f1al\u00f3 la vocera provincial, Virginia Coudannes. Por su parte, la secretaria de Turismo, Marcela Aeberhard, invit\u00f3 a \u201crecorrer el territorio y descubrir iniciativas \u00fanicas que distinguen a los santafesinos\u201d. La agenda completa [&hellip;]<\/p>\n","protected":false},"author":2,"featured_media":2971,"comment_status":"closed","ping_status":"closed","sticky":false,"template":"","format":"standard","meta":{"footnotes":""},"categories":[28,1,8],"tags":[256,270,162,60],"class_list":["post-2967","post","type-post","status-publish","format-standard","has-post-thumbnail","hentry","category-argentina","category-blog","category-destinos","tag-deporte","tag-festivales","tag-santafe","tag-turismo"],"_links":{"self":[{"href":"https:\/\/rumbo.ar\/website\/wp-json\/wp\/v2\/posts\/2967","targetHints":{"allow":["GET"]}}],"collection":[{"href":"https:\/\/rumbo.ar\/website\/wp-json\/wp\/v2\/posts"}],"about":[{"href":"https:\/\/rumbo.ar\/website\/wp-json\/wp\/v2\/types\/post"}],"author":[{"embeddable":true,"href":"https:\/\/rumbo.ar\/website\/wp-json\/wp\/v2\/users\/2"}],"replies":[{"embeddable":true,"href":"https:\/\/rumbo.ar\/website\/wp-json\/wp\/v2\/comments?post=2967"}],"version-history":[{"count":1,"href":"https:\/\/rumbo.ar\/website\/wp-json\/wp\/v2\/posts\/2967\/revisions"}],"predecessor-version":[{"id":2972,"href":"https:\/\/rumbo.ar\/website\/wp-json\/wp\/v2\/posts\/2967\/revisions\/2972"}],"wp:featuredmedia":[{"embeddable":true,"href":"https:\/\/rumbo.ar\/website\/wp-json\/wp\/v2\/media\/2971"}],"wp:attachment":[{"href":"https:\/\/rumbo.ar\/website\/wp-json\/wp\/v2\/media?parent=2967"}],"wp:term":[{"taxonomy":"category","embeddable":true,"href":"https:\/\/rumbo.ar\/website\/wp-json\/wp\/v2\/categories?post=2967"},{"taxonomy":"post_tag","embeddable":true,"href":"https:\/\/rumbo.ar\/website\/wp-json\/wp\/v2\/tags?post=2967"}],"curies":[{"name":"wp","href":"https:\/\/api.w.org\/{rel}","templated":true}]}}