{"id":2943,"date":"2026-04-30T21:31:43","date_gmt":"2026-04-30T19:31:43","guid":{"rendered":"https:\/\/rumbo.ar\/website\/?p=2943"},"modified":"2026-05-01T00:28:33","modified_gmt":"2026-04-30T22:28:33","slug":"vila-gale-apuesta-al-cono-sur-de-la-mano-de-promovere","status":"publish","type":"post","link":"https:\/\/rumbo.ar\/website\/vila-gale-apuesta-al-cono-sur-de-la-mano-de-promovere\/","title":{"rendered":"Vila Gal\u00e9 apuesta al Cono Sur de la mano de Promov\u00eare"},"content":{"rendered":"\n<p>Promov\u00eare, empresa especializada en marketing tur\u00edstico, anuncia la incorporaci\u00f3n de la cadena hotelera portuguesa Vila Gal\u00e9 a sus propuestas comerciales. Esta alianza estrat\u00e9gica tiene como objetivo potenciar el posicionamiento de la marca en los mercados del Cono Sur, incrementando su visibilidad y desarrollo comercial en la regi\u00f3n.<\/p>\n\n\n\n<p><br>Con m\u00e1s de tres d\u00e9cadas de trayectoria, Vila Gal\u00e9 se ha consolidado como uno de los principales grupos hoteleros de Portugal. Sin embargo, su fuerte expansi\u00f3n en Brasil es lo que la posiciona como un referente indiscutido para el mercado regional. La cadena opera actualmente con 13 unidades en territorio brasile\u00f1o, que incluyen desde reconocidos resorts. <\/p>\n\n\n\n<p>All Inclusive en destinos paradis\u00edacos como Praia do Forte, Porto de Galinhas y la regi\u00f3n de Cear\u00e1, hasta hoteles urbanos de alta gama en R\u00edo de Janeiro, Salvador y San Pablo.<\/p>\n\n\n\n<figure class=\"wp-block-image size-full\"><img loading=\"lazy\" decoding=\"async\" width=\"1080\" height=\"608\" src=\"https:\/\/rumbo.ar\/website\/wp-content\/uploads\/2026\/04\/VG-Alagoas-Aereas-6-1.jpg\" alt=\"\" class=\"wp-image-2944\" srcset=\"https:\/\/rumbo.ar\/website\/wp-content\/uploads\/2026\/04\/VG-Alagoas-Aereas-6-1.jpg 1080w, https:\/\/rumbo.ar\/website\/wp-content\/uploads\/2026\/04\/VG-Alagoas-Aereas-6-1-800x450.jpg 800w, https:\/\/rumbo.ar\/website\/wp-content\/uploads\/2026\/04\/VG-Alagoas-Aereas-6-1-768x432.jpg 768w\" sizes=\"auto, (max-width: 1080px) 100vw, 1080px\" \/><\/figure>\n\n\n\n<p>\u00abLa infraestructura de Vila Gal\u00e9 en Brasil, sumada a su constante crecimiento en destinos como Cuba, Portugal y Espa\u00f1a, la convierte en un aliado clave para el trade regional que busca calidad, diversidad y experiencias de primer nivel\u00bb, se\u00f1alan desde Promov\u00eare.<\/p>\n\n\n\n<p><br>La propuesta de valor de la cadena se distingue por su versatilidad: desde propiedades enfocadas en el turismo familiar y ocio, hasta opciones orientadas al segmento corporativo y MICE. Adem\u00e1s, Vila Gal\u00e9 destaca por su enfoque en el enoturismo, contando con proyectos vitivin\u00edcolas propios en Portugal que integran la hoteler\u00eda con la producci\u00f3n de vinos y la cultura local. Todo ello bajo una gesti\u00f3n comprometida con la sostenibilidad y el turismo responsable.<\/p>\n\n\n\n<p><br>Juntos desarrollar\u00e1n una estrategia integral en el Cono Sur, con foco en acciones comerciales, capacitaciones al trade, generaci\u00f3n de contenidos y campa\u00f1as de comunicaci\u00f3n orientadas a fortalecer la comercializaci\u00f3n de la marca. <\/p>\n\n\n\n<p><br>Esta incorporaci\u00f3n permitir\u00e1 acercar al mercado una propuesta hotelera s\u00f3lida, con productos vers\u00e1tiles que responden a las tendencias actuales de los viajeros, ofreciendo experiencias tanto en destinos de ocio como en ciudades estrat\u00e9gicas.<\/p>\n\n\n\n<figure class=\"wp-block-image size-large\"><img loading=\"lazy\" decoding=\"async\" width=\"1600\" height=\"1065\" src=\"https:\/\/rumbo.ar\/website\/wp-content\/uploads\/2026\/04\/5-1150x765.jpg\" alt=\"\" class=\"wp-image-2945\" srcset=\"https:\/\/rumbo.ar\/website\/wp-content\/uploads\/2026\/04\/5-1150x765.jpg 1150w, https:\/\/rumbo.ar\/website\/wp-content\/uploads\/2026\/04\/5-800x533.jpg 800w, https:\/\/rumbo.ar\/website\/wp-content\/uploads\/2026\/04\/5-768x511.jpg 768w, https:\/\/rumbo.ar\/website\/wp-content\/uploads\/2026\/04\/5-1536x1022.jpg 1536w, https:\/\/rumbo.ar\/website\/wp-content\/uploads\/2026\/04\/5.jpg 1600w\" sizes=\"auto, (max-width: 1600px) 100vw, 1600px\" \/><\/figure>\n\n\n\n<p>\u00abEstamos muy entusiasmados con esta colaboraci\u00f3n junto a Promov\u00eare, que representa un paso clave en nuestra estrategia de expansi\u00f3n en el Cono Sur. Confiamos en su expertise y conocimiento del mercado para fortalecer el posicionamiento de Vila Gal\u00e9 en la regi\u00f3n y acercar nuestra propuesta a nuevos socios comerciales. Nuestro objetivo es continuar creciendo de manera sostenida, consolidando nuestra presencia y generando nuevas oportunidades de negocio en estos mercados\u00bb, destac\u00f3 Bruna Farias, Relationship Sales<br>Manager, de Vila Gal\u00e9.<\/p>\n\n\n\n<figure class=\"wp-block-image size-large\"><img loading=\"lazy\" decoding=\"async\" width=\"1150\" height=\"647\" src=\"https:\/\/rumbo.ar\/website\/wp-content\/uploads\/2026\/04\/VG-Isla-Canela-Aerea-2-3-1150x647.jpg\" alt=\"\" class=\"wp-image-2946\" srcset=\"https:\/\/rumbo.ar\/website\/wp-content\/uploads\/2026\/04\/VG-Isla-Canela-Aerea-2-3-1150x647.jpg 1150w, https:\/\/rumbo.ar\/website\/wp-content\/uploads\/2026\/04\/VG-Isla-Canela-Aerea-2-3-800x450.jpg 800w, https:\/\/rumbo.ar\/website\/wp-content\/uploads\/2026\/04\/VG-Isla-Canela-Aerea-2-3-768x432.jpg 768w, https:\/\/rumbo.ar\/website\/wp-content\/uploads\/2026\/04\/VG-Isla-Canela-Aerea-2-3-1536x864.jpg 1536w, https:\/\/rumbo.ar\/website\/wp-content\/uploads\/2026\/04\/VG-Isla-Canela-Aerea-2-3.jpg 1920w\" sizes=\"auto, (max-width: 1150px) 100vw, 1150px\" \/><\/figure>\n\n\n\n<p>La llegada de Vila Gal\u00e9 refuerza el compromiso de Promov\u00eare con el desarrollo estrat\u00e9gico del trade en la regi\u00f3n. Esta alianza abre nuevas oportunidades de crecimiento y posicionamiento para todos los actores del sector en el Cono Sur.<br>Para m\u00e1s informaci\u00f3n ingres\u00e1 en: https:\/\/www.promovere.com.ar\/reps\/vila-gal%C3%A9 <\/p>\n\n\n\n<p><\/p>\n","protected":false},"excerpt":{"rendered":"<p>Promov\u00eare, empresa especializada en marketing tur\u00edstico, anuncia la incorporaci\u00f3n de la cadena hotelera portuguesa Vila Gal\u00e9 a sus propuestas comerciales. Esta alianza estrat\u00e9gica tiene como objetivo potenciar el posicionamiento de la marca en los mercados del Cono Sur, incrementando su visibilidad y desarrollo comercial en la regi\u00f3n. Con m\u00e1s de tres d\u00e9cadas de trayectoria, Vila [&hellip;]<\/p>\n","protected":false},"author":2,"featured_media":2947,"comment_status":"closed","ping_status":"closed","sticky":false,"template":"","format":"standard","meta":{"footnotes":""},"categories":[1,10],"tags":[264,132,116,263],"class_list":["post-2943","post","type-post","status-publish","format-standard","has-post-thumbnail","hentry","category-blog","category-negocios","tag-conosur","tag-marketing","tag-promovere","tag-vilagale"],"_links":{"self":[{"href":"https:\/\/rumbo.ar\/website\/wp-json\/wp\/v2\/posts\/2943","targetHints":{"allow":["GET"]}}],"collection":[{"href":"https:\/\/rumbo.ar\/website\/wp-json\/wp\/v2\/posts"}],"about":[{"href":"https:\/\/rumbo.ar\/website\/wp-json\/wp\/v2\/types\/post"}],"author":[{"embeddable":true,"href":"https:\/\/rumbo.ar\/website\/wp-json\/wp\/v2\/users\/2"}],"replies":[{"embeddable":true,"href":"https:\/\/rumbo.ar\/website\/wp-json\/wp\/v2\/comments?post=2943"}],"version-history":[{"count":1,"href":"https:\/\/rumbo.ar\/website\/wp-json\/wp\/v2\/posts\/2943\/revisions"}],"predecessor-version":[{"id":2948,"href":"https:\/\/rumbo.ar\/website\/wp-json\/wp\/v2\/posts\/2943\/revisions\/2948"}],"wp:featuredmedia":[{"embeddable":true,"href":"https:\/\/rumbo.ar\/website\/wp-json\/wp\/v2\/media\/2947"}],"wp:attachment":[{"href":"https:\/\/rumbo.ar\/website\/wp-json\/wp\/v2\/media?parent=2943"}],"wp:term":[{"taxonomy":"category","embeddable":true,"href":"https:\/\/rumbo.ar\/website\/wp-json\/wp\/v2\/categories?post=2943"},{"taxonomy":"post_tag","embeddable":true,"href":"https:\/\/rumbo.ar\/website\/wp-json\/wp\/v2\/tags?post=2943"}],"curies":[{"name":"wp","href":"https:\/\/api.w.org\/{rel}","templated":true}]}}