{"id":2935,"date":"2026-04-30T21:21:59","date_gmt":"2026-04-30T19:21:59","guid":{"rendered":"https:\/\/rumbo.ar\/website\/?p=2935"},"modified":"2026-05-01T00:28:33","modified_gmt":"2026-04-30T22:28:33","slug":"rumbo-acompano-el-75-workshop-de-arav-rosario-un-espacio-clave-para-el-turismo-trade","status":"publish","type":"post","link":"https:\/\/rumbo.ar\/website\/rumbo-acompano-el-75-workshop-de-arav-rosario-un-espacio-clave-para-el-turismo-trade\/","title":{"rendered":"Rumbo acompa\u00f1\u00f3 el 75\u00b0 Workshop de ARAV Rosario, un espacio clave para el turismo trade"},"content":{"rendered":"\n<p>Rumbo form\u00f3 parte de la cobertura del 75\u00b0 Workshop Tur\u00edstico organizado por la Asociaci\u00f3n Rosarina de Agencias de Viajes, uno de los encuentros profesionales m\u00e1s consolidados del interior del pa\u00eds y referencia ineludible para el turismo trade. El evento, realizado en el Centro de Convenciones Metropolitano, volvi\u00f3 a demostrar su capacidad de convocatoria y su relevancia dentro de la agenda anual del sector.<\/p>\n\n\n\n<figure class=\"wp-block-image size-large\"><img loading=\"lazy\" decoding=\"async\" width=\"1150\" height=\"618\" src=\"https:\/\/rumbo.ar\/website\/wp-content\/uploads\/2026\/04\/2-1150x618.jpg\" alt=\"\" class=\"wp-image-2939\" srcset=\"https:\/\/rumbo.ar\/website\/wp-content\/uploads\/2026\/04\/2-1150x618.jpg 1150w, https:\/\/rumbo.ar\/website\/wp-content\/uploads\/2026\/04\/2-800x430.jpg 800w, https:\/\/rumbo.ar\/website\/wp-content\/uploads\/2026\/04\/2-768x413.jpg 768w, https:\/\/rumbo.ar\/website\/wp-content\/uploads\/2026\/04\/2.jpg 1280w\" sizes=\"auto, (max-width: 1150px) 100vw, 1150px\" \/><\/figure>\n\n\n\n<p>La jornada reuni\u00f3 a m\u00e1s de 1.000 profesionales del turismo, entre agentes de viajes, operadores mayoristas, representantes de destinos, aerol\u00edneas y compa\u00f1\u00edas de servicios vinculados a la actividad. Con la participaci\u00f3n de m\u00e1s de 100 expositores, el workshop ofreci\u00f3 un entorno altamente din\u00e1mico para el intercambio comercial, consolid\u00e1ndose como un espacio estrat\u00e9gico para la generaci\u00f3n de negocios y el fortalecimiento de v\u00ednculos dentro de la cadena de valor tur\u00edstica.<\/p>\n\n\n\n<figure class=\"wp-block-image size-large\"><img loading=\"lazy\" decoding=\"async\" width=\"1150\" height=\"647\" src=\"https:\/\/rumbo.ar\/website\/wp-content\/uploads\/2026\/04\/3-1-1150x647.jpg\" alt=\"\" class=\"wp-image-2940\" srcset=\"https:\/\/rumbo.ar\/website\/wp-content\/uploads\/2026\/04\/3-1-1150x647.jpg 1150w, https:\/\/rumbo.ar\/website\/wp-content\/uploads\/2026\/04\/3-1-800x450.jpg 800w, https:\/\/rumbo.ar\/website\/wp-content\/uploads\/2026\/04\/3-1-768x432.jpg 768w, https:\/\/rumbo.ar\/website\/wp-content\/uploads\/2026\/04\/3-1.jpg 1280w\" sizes=\"auto, (max-width: 1150px) 100vw, 1150px\" \/><\/figure>\n\n\n\n<p>En este marco, Rumbo desarroll\u00f3 una cobertura activa junto a aliados estrat\u00e9gicos del sector, compartiendo agenda y espacios de networking con destinos internacionales como Cuba, compa\u00f1\u00edas de asistencia al viajero como Coris, firmas de representaci\u00f3n como Promovere, operadores mayoristas y diversos actores clave de la industria. Esta articulaci\u00f3n permiti\u00f3 acceder a informaci\u00f3n de primera mano, identificar oportunidades comerciales concretas y relevar tendencias directamente desde sus protagonistas.<\/p>\n\n\n\n<p>En esta edici\u00f3n, se observ\u00f3 una marcada orientaci\u00f3n hacia la diversificaci\u00f3n de la oferta, con especial \u00e9nfasis en destinos internacionales competitivos, el crecimiento del turismo regional y el desarrollo de experiencias segmentadas. A su vez, se destac\u00f3 la creciente incorporaci\u00f3n de herramientas tecnol\u00f3gicas aplicadas a la comercializaci\u00f3n, evidenciando una industria en proceso de adaptaci\u00f3n constante a las nuevas demandas del mercado.<\/p>\n\n\n\n<figure class=\"wp-block-image size-large\"><img loading=\"lazy\" decoding=\"async\" width=\"1150\" height=\"647\" src=\"https:\/\/rumbo.ar\/website\/wp-content\/uploads\/2026\/04\/1-1-1150x647.jpg\" alt=\"\" class=\"wp-image-2941\" srcset=\"https:\/\/rumbo.ar\/website\/wp-content\/uploads\/2026\/04\/1-1-1150x647.jpg 1150w, https:\/\/rumbo.ar\/website\/wp-content\/uploads\/2026\/04\/1-1-800x450.jpg 800w, https:\/\/rumbo.ar\/website\/wp-content\/uploads\/2026\/04\/1-1-768x432.jpg 768w, https:\/\/rumbo.ar\/website\/wp-content\/uploads\/2026\/04\/1-1.jpg 1280w\" sizes=\"auto, (max-width: 1150px) 100vw, 1150px\" \/><\/figure>\n\n\n\n<p>El workshop volvi\u00f3 a poner en valor el contacto directo entre proveedores y agencias, reafirmando la importancia del v\u00ednculo personal como factor clave en la toma de decisiones comerciales. En un contexto donde la digitalizaci\u00f3n avanza, estos espacios presenciales contin\u00faan siendo determinantes para cerrar acuerdos, detectar oportunidades y consolidar estrategias de venta.<\/p>\n\n\n\n<p>Desde Rumbo, la cobertura del evento incluy\u00f3 la generaci\u00f3n de contenido especializado, entrevistas a referentes del sector y la difusi\u00f3n de las principales novedades presentadas durante la jornada. En este sentido, uno de los diferenciales del medio radica en su capacidad de replicar y traducir la informaci\u00f3n del \u00e1mbito trade hacia sus canales B2C, amplificando el alcance de los contenidos y acercando tendencias, productos y oportunidades al consumidor final.<\/p>\n\n\n\n<p>Con 75 ediciones, el Workshop de ARAV Rosario se mantiene como un verdadero term\u00f3metro del sector, capaz de reflejar tendencias, anticipar movimientos comerciales y fortalecer el entramado que impulsa el desarrollo del turismo en la regi\u00f3n.<\/p>\n","protected":false},"excerpt":{"rendered":"<p>Rumbo form\u00f3 parte de la cobertura del 75\u00b0 Workshop Tur\u00edstico organizado por la Asociaci\u00f3n Rosarina de Agencias de Viajes, uno de los encuentros profesionales m\u00e1s consolidados del interior del pa\u00eds y referencia ineludible para el turismo trade. El evento, realizado en el Centro de Convenciones Metropolitano, volvi\u00f3 a demostrar su capacidad de convocatoria y su [&hellip;]<\/p>\n","protected":false},"author":2,"featured_media":2936,"comment_status":"closed","ping_status":"closed","sticky":false,"template":"","format":"standard","meta":{"footnotes":""},"categories":[9,1,10],"tags":[261,57,262],"class_list":["post-2935","post","type-post","status-publish","format-standard","has-post-thumbnail","hentry","category-actualidad","category-blog","category-negocios","tag-arav","tag-rosario","tag-worshop"],"_links":{"self":[{"href":"https:\/\/rumbo.ar\/website\/wp-json\/wp\/v2\/posts\/2935","targetHints":{"allow":["GET"]}}],"collection":[{"href":"https:\/\/rumbo.ar\/website\/wp-json\/wp\/v2\/posts"}],"about":[{"href":"https:\/\/rumbo.ar\/website\/wp-json\/wp\/v2\/types\/post"}],"author":[{"embeddable":true,"href":"https:\/\/rumbo.ar\/website\/wp-json\/wp\/v2\/users\/2"}],"replies":[{"embeddable":true,"href":"https:\/\/rumbo.ar\/website\/wp-json\/wp\/v2\/comments?post=2935"}],"version-history":[{"count":1,"href":"https:\/\/rumbo.ar\/website\/wp-json\/wp\/v2\/posts\/2935\/revisions"}],"predecessor-version":[{"id":2942,"href":"https:\/\/rumbo.ar\/website\/wp-json\/wp\/v2\/posts\/2935\/revisions\/2942"}],"wp:featuredmedia":[{"embeddable":true,"href":"https:\/\/rumbo.ar\/website\/wp-json\/wp\/v2\/media\/2936"}],"wp:attachment":[{"href":"https:\/\/rumbo.ar\/website\/wp-json\/wp\/v2\/media?parent=2935"}],"wp:term":[{"taxonomy":"category","embeddable":true,"href":"https:\/\/rumbo.ar\/website\/wp-json\/wp\/v2\/categories?post=2935"},{"taxonomy":"post_tag","embeddable":true,"href":"https:\/\/rumbo.ar\/website\/wp-json\/wp\/v2\/tags?post=2935"}],"curies":[{"name":"wp","href":"https:\/\/api.w.org\/{rel}","templated":true}]}}