{"id":2930,"date":"2026-04-27T17:22:19","date_gmt":"2026-04-27T15:22:19","guid":{"rendered":"https:\/\/rumbo.ar\/website\/?p=2930"},"modified":"2026-04-27T17:22:20","modified_gmt":"2026-04-27T15:22:20","slug":"rosario-un-destino-con-aura-para-tu-finde-largo","status":"publish","type":"post","link":"https:\/\/rumbo.ar\/website\/rosario-un-destino-con-aura-para-tu-finde-largo\/","title":{"rendered":"Rosario un destino con aura para tu finde largo"},"content":{"rendered":"\n<p><strong>Del 1 al 3 de mayo, viv\u00ed un finde largo con m\u00faltiples planes para que disfrutes en la ciudad.<\/strong><\/p>\n\n\n\n<p>El pr\u00f3ximo fin de semana largo es una oportunidad ideal para hacer una escapada a Rosario. Con temperaturas oto\u00f1ales perfectas, una costanera renovada y una agenda cultural intensa, la ciudad propone un combo que re\u00fane naturaleza, cultura, gastronom\u00eda y vida urbana.<\/p>\n\n\n\n<p>Durante estos d\u00edas, Rosario despliega una programaci\u00f3n especial con espect\u00e1culos, recitales, actividades al aire libre y propuestas para todos los gustos, pensadas tanto para quienes la visitan por primera vez como para quienes eligen redescubrirla.<\/p>\n\n\n\n<figure class=\"wp-block-image size-full\"><img loading=\"lazy\" decoding=\"async\" width=\"1000\" height=\"600\" src=\"https:\/\/rumbo.ar\/website\/wp-content\/uploads\/2026\/04\/unnamed-1-2.jpg\" alt=\"\" class=\"wp-image-2931\" srcset=\"https:\/\/rumbo.ar\/website\/wp-content\/uploads\/2026\/04\/unnamed-1-2.jpg 1000w, https:\/\/rumbo.ar\/website\/wp-content\/uploads\/2026\/04\/unnamed-1-2-800x480.jpg 800w, https:\/\/rumbo.ar\/website\/wp-content\/uploads\/2026\/04\/unnamed-1-2-768x461.jpg 768w\" sizes=\"auto, (max-width: 1000px) 100vw, 1000px\" \/><\/figure>\n\n\n\n<p>Uno de los grandes planes del fin de semana es disfrutar de la costanera, un paseo que conecta la ciudad con el r\u00edo Paran\u00e1 y ofrece algunos de los paisajes m\u00e1s lindos del pa\u00eds.<\/p>\n\n\n\n<p>Entre sus puntos destacados aparece&nbsp;<a href=\"https:\/\/a2rep.r.ag.d.sendibm3.com\/mk\/cl\/f\/sh\/1t6Af4OiGsDg0dq0xVUn6elItC8J1B\/OUbx6PLg796h\" target=\"_blank\" rel=\"noreferrer noopener\">Costa Nueva<\/a>, el espacio recientemente inaugurado entre la Terminal Fluvial y el Parque de Espa\u00f1a. Con senderos, miradores y espacios verdes, es ideal para caminar, andar en bici o simplemente relajarse frente al r\u00edo.<\/p>\n\n\n\n<p>All\u00ed tambi\u00e9n se encuentra&nbsp;<a href=\"https:\/\/a2rep.r.ag.d.sendibm3.com\/mk\/cl\/f\/sh\/1t6Af4OiGsE8LM2RLraiGup8H172jF\/y9CkVbX90qs-\" target=\"_blank\" rel=\"noreferrer noopener\">El Aura<\/a>, una de las nuevas postales de Rosario: una estructura con cubierta reflectante que funciona como mirador y punto de encuentro. La propuesta se completa con el mural \u201cR\u00edo Arriba\u201d, una obra colectiva dirigida por Mart\u00edn Ron que retrata la identidad rosarina e invita a interactuar y formar parte de la escena.<\/p>\n\n\n\n<figure class=\"wp-block-image size-full\"><img loading=\"lazy\" decoding=\"async\" width=\"1000\" height=\"600\" src=\"https:\/\/rumbo.ar\/website\/wp-content\/uploads\/2026\/04\/unnamed-2-2.jpg\" alt=\"\" class=\"wp-image-2932\" srcset=\"https:\/\/rumbo.ar\/website\/wp-content\/uploads\/2026\/04\/unnamed-2-2.jpg 1000w, https:\/\/rumbo.ar\/website\/wp-content\/uploads\/2026\/04\/unnamed-2-2-800x480.jpg 800w, https:\/\/rumbo.ar\/website\/wp-content\/uploads\/2026\/04\/unnamed-2-2-768x461.jpg 768w\" sizes=\"auto, (max-width: 1000px) 100vw, 1000px\" \/><\/figure>\n\n\n\n<p id=\"m_6177557209343376588isPasted\"><strong>Agenda destacada del finde largo en Rosario<\/strong><\/p>\n\n\n\n<p>A continuaci\u00f3n, una selecci\u00f3n de actividades para aprovechar al m\u00e1ximo el fin de semana largo.<\/p>\n\n\n\n<p><strong>Jueves 30 de abril<\/strong><\/p>\n\n\n\n<p>Gyula Kosice: En tiempo real<\/p>\n\n\n\n<p>19 h en el Museo Castagnino inaugura la muestra del artista argentino, pionero en el cruce entre el arte, la ciencia y la tecnolog\u00eda, y figura central en el arte nacional e internacional del siglo XX. Entrada gratuita.<\/p>\n\n\n\n<p>El Barbero de Sevilla<br>20 h en Teatro El C\u00edrculo<br>\u00d3pera cl\u00e1sica de Gioachino Rossini. Entradas en&nbsp;<a href=\"http:\/\/ticketek.com.ar\/\" target=\"_blank\" rel=\"noreferrer noopener\">ticketek.com.ar<\/a><\/p>\n\n\n\n<p>Pablo Comas<br>20 h en Plataforma Lavard\u00e9n<br>Presenta nuevo material y celebra los 10 a\u00f1os de su disco con Alucinaria. &nbsp;ntrada gratuita<\/p>\n\n\n\n<p>Teresa Parodi<br>20.30 h en Refi<br>Presenta su disco Hasta que amanezca. Entradas en&nbsp;<a href=\"http:\/\/reficomunidad.ar\/\" target=\"_blank\" rel=\"noreferrer noopener\">reficomunidad.ar<\/a><\/p>\n\n\n\n<p>Swinging Duets Pockets<\/p>\n\n\n\n<p>21 h en Beatmemo. M\u00e1s info en b<a href=\"http:\/\/eatmemo.com\/\" target=\"_blank\" rel=\"noreferrer noopener\">eatmemo.com<\/a><\/p>\n\n\n\n<p>Cumbi\u00f3n del Paran\u00e1: Los Totora y Mario Pereyra<\/p>\n\n\n\n<p>23.30 en Bioceres Arena. Entradas&nbsp;<a href=\"https:\/\/a2rep.r.ag.d.sendibm3.com\/mk\/cl\/f\/sh\/1t6Af4OiGsEag4ErkDgdRAsxeq5mRJ\/WsEycaPKlpNA\" target=\"_blank\" rel=\"noreferrer noopener\">entradaplay.com<\/a><\/p>\n\n\n\n<p><strong>Viernes 1 de mayo&nbsp;<\/strong><\/p>\n\n\n\n<p>Pe\u00f1a del D\u00eda del Trabajador<br>20 h en Club Uni\u00f3n y Progreso. Con Juanjo Abreg\u00fa y artistas invitados. Entradas en&nbsp;<a href=\"http:\/\/elaserradero.com.ar\/\" target=\"_blank\" rel=\"noreferrer noopener\">elaserradero.com.ar<\/a><\/p>\n\n\n\n<p>Viuda e hijas<br>21 h en Teatro Broadway<br>Con Nora C\u00e1rpena, Mar\u00eda Valenzuela, Iliana Calabr\u00f3 y Paula Morales. Entradas en&nbsp;<a href=\"http:\/\/tuticket.com.ar\/\" target=\"_blank\" rel=\"noreferrer noopener\">tuticket.com.ar<\/a><\/p>\n\n\n\n<p>Perfume Patria<br>21 h en MADMA Espacio<br>Obra local en formato \u00edntimo (capacidad reducida). Reservas al 3416858807<\/p>\n\n\n\n<p>Mashines: M\u00fasica de los \u00b480 Y \u00b490&nbsp;<\/p>\n\n\n\n<p>22 h en Jarana, City Center.&nbsp;La entrada es gratuita con consumici\u00f3n a la carta.&nbsp;<\/p>\n\n\n\n<p>DJ Paradoks<\/p>\n\n\n\n<p>23 h en Complejo Forest<\/p>\n\n\n\n<p>Set de m\u00fasica electr\u00f3nica. Entradas en&nbsp;<a href=\"https:\/\/a2rep.r.ag.d.sendibm3.com\/mk\/cl\/f\/sh\/1t6Af4OiGsF30mRI8ZmYbQwn2f4W9N\/E9zmYO0a18JC\" target=\"_blank\" rel=\"noreferrer noopener\">passline.com<\/a><\/p>\n\n\n\n<p><strong>S\u00e1bado 2 de mayo<\/strong><\/p>\n\n\n\n<p>OTA. Teatro para beb\u00e9s 2<\/p>\n\n\n\n<p>16 h en La Orilla Infinita. Entradas en&nbsp;<a href=\"https:\/\/a2rep.r.ag.d.sendibm3.com\/mk\/cl\/f\/sh\/1t6Af4OiGsFVLUdiWvsTlh0cQU3FrR\/M2WQFCJDM8Qx\" target=\"_blank\" rel=\"noreferrer noopener\">laorillainfinita.com.ar<\/a><\/p>\n\n\n\n<p>Alejandra<br>20 h en Teatro Astengo<br>Unipersonal de Mart\u00edn Rechimuzzi. Entradas en&nbsp;<a href=\"http:\/\/ticketek.com.ar\/\" target=\"_blank\" rel=\"noreferrer noopener\">ticketek.com.ar<\/a>&nbsp;<\/p>\n\n\n\n<p>La Chicago Argentina (experiencia tango)<\/p>\n\n\n\n<p>20 h en CC La Casa del Tango. Clase + show + milonga<\/p>\n\n\n\n<p>Festival Cambalache<\/p>\n\n\n\n<p>20 h en Refi. Entradas en&nbsp;<a href=\"https:\/\/a2rep.r.ag.d.sendibm3.com\/mk\/cl\/f\/sh\/1t6Af4OiGsFxgCq8vHyOvx4RoJ1zZV\/Vez_mJwJCX_O\" target=\"_blank\" rel=\"noreferrer noopener\">passline.com<\/a><\/p>\n\n\n\n<p>Curr\u00edculum de un comunista<br>20.30 h en Centro Cultural Parque de Espa\u00f1a<br>Ciclo Derivas Teatrales. Entradas en&nbsp;<a href=\"http:\/\/1000tickets.com.ar\/\" target=\"_blank\" rel=\"noreferrer noopener\">1000tickets.com.ar<\/a><\/p>\n\n\n\n<p>Al fin y al cabo es mi vida<br>21 h en Teatro Broadway<br>Protagonizada por Silvia Kutika. Entradas en&nbsp;<a href=\"http:\/\/tuticket.com.ar\/\" target=\"_blank\" rel=\"noreferrer noopener\">tuticket.com.ar<\/a><\/p>\n\n\n\n<p>La maldici\u00f3n del guionista perdido<br>21 h en Plataforma Lavard\u00e9n. Espect\u00e1culo audiovisual de Navaja Crimen<\/p>\n\n\n\n<p>No descansa nunca<br>21 h en Espacio Bravo. Entradas al 3415876600<\/p>\n\n\n\n<p>Teor\u00eda del armado<br>21 h en Teatro La Morada. Reservas al 3413068860<\/p>\n\n\n\n<p>Yo Somos<\/p>\n\n\n\n<p>21 h en el Teatro El Rayo. Entradas en 3415842730<\/p>\n\n\n\n<p>Stefano<\/p>\n\n\n\n<p>21 h&nbsp;en La Orilla Infinita. Entradas en&nbsp;<a href=\"https:\/\/a2rep.r.ag.d.sendibm3.com\/mk\/cl\/f\/sh\/1t6Af4OiGsGQ0v2ZJe4K6D8HC80jHZ\/vOocwkmlweKW\" target=\"_blank\" rel=\"noreferrer noopener\">laorillainfinita.com.ar<\/a><\/p>\n\n\n\n<p>All the Hats y Corvex<\/p>\n\n\n\n<p>21 h en Jaguar Ha\u00fcs&nbsp;<\/p>\n\n\n\n<p>Sin Anestesia: Tributo a Sabina<\/p>\n\n\n\n<p>21 h en el Aserradero. Entradas en&nbsp;<a href=\"http:\/\/elaserradero.com.ar\/\" target=\"_blank\" rel=\"noreferrer noopener\">elaserradero.com.ar<\/a><\/p>\n\n\n\n<p>Noche M\u00e1gica de Gira<br>22 h en Metropolitano. Cl\u00e1sicos de los 70, 80 y 90, con shows y gastronom\u00eda. Entradas en&nbsp;<a href=\"https:\/\/a2rep.r.ag.d.sendibm3.com\/mk\/cl\/f\/sh\/1t6Af4OiGsGsLdEzi0AFGTC6ZwzSzd\/wvZEuKIAQGf8\" target=\"_blank\" rel=\"noreferrer noopener\">turboentrada.com<\/a><\/p>\n\n\n\n<p><strong>Domingo 3 de mayo<\/strong><\/p>\n\n\n\n<p>D\u00eda Internacional de Star Wars<\/p>\n\n\n\n<p>16 h en Cine&nbsp;Lumi\u00e8re. Gratis<\/p>\n\n\n\n<p>La luna gatuna<\/p>\n\n\n\n<p>15 y 16.30 h en La Orilla Infinita.&nbsp;Entradas en&nbsp;<a href=\"https:\/\/a2rep.r.ag.d.sendibm3.com\/mk\/cl\/f\/sh\/1t6Af4OiGsHKgLRQ6MGAQjFvxlyChh\/ZBMo0Nyg52n1\" target=\"_blank\" rel=\"noreferrer noopener\">laorillainfinita.com.ar<\/a><\/p>\n\n\n\n<p>El viaje de la Estrella<br>17 h en Teatro Lavard\u00e9n<\/p>\n\n\n\n<p>Mariano Loi\u00e1cono<br>21 h en Centro Cultural Atlas. Jazz en vivo con repertorio grabado en Nueva York. Entradas en&nbsp;<a href=\"http:\/\/centroticket.com.ar\/\" target=\"_blank\" rel=\"noreferrer noopener\">centroticket.com.ar<\/a><\/p>\n","protected":false},"excerpt":{"rendered":"<p>Del 1 al 3 de mayo, viv\u00ed un finde largo con m\u00faltiples planes para que disfrutes en la ciudad. El pr\u00f3ximo fin de semana largo es una oportunidad ideal para hacer una escapada a Rosario. Con temperaturas oto\u00f1ales perfectas, una costanera renovada y una agenda cultural intensa, la ciudad propone un combo que re\u00fane naturaleza, [&hellip;]<\/p>\n","protected":false},"author":2,"featured_media":2933,"comment_status":"closed","ping_status":"closed","sticky":false,"template":"","format":"standard","meta":{"footnotes":""},"categories":[28,8],"tags":[260,57],"class_list":["post-2930","post","type-post","status-publish","format-standard","has-post-thumbnail","hentry","category-argentina","category-destinos","tag-findesemanalargo","tag-rosario"],"_links":{"self":[{"href":"https:\/\/rumbo.ar\/website\/wp-json\/wp\/v2\/posts\/2930","targetHints":{"allow":["GET"]}}],"collection":[{"href":"https:\/\/rumbo.ar\/website\/wp-json\/wp\/v2\/posts"}],"about":[{"href":"https:\/\/rumbo.ar\/website\/wp-json\/wp\/v2\/types\/post"}],"author":[{"embeddable":true,"href":"https:\/\/rumbo.ar\/website\/wp-json\/wp\/v2\/users\/2"}],"replies":[{"embeddable":true,"href":"https:\/\/rumbo.ar\/website\/wp-json\/wp\/v2\/comments?post=2930"}],"version-history":[{"count":1,"href":"https:\/\/rumbo.ar\/website\/wp-json\/wp\/v2\/posts\/2930\/revisions"}],"predecessor-version":[{"id":2934,"href":"https:\/\/rumbo.ar\/website\/wp-json\/wp\/v2\/posts\/2930\/revisions\/2934"}],"wp:featuredmedia":[{"embeddable":true,"href":"https:\/\/rumbo.ar\/website\/wp-json\/wp\/v2\/media\/2933"}],"wp:attachment":[{"href":"https:\/\/rumbo.ar\/website\/wp-json\/wp\/v2\/media?parent=2930"}],"wp:term":[{"taxonomy":"category","embeddable":true,"href":"https:\/\/rumbo.ar\/website\/wp-json\/wp\/v2\/categories?post=2930"},{"taxonomy":"post_tag","embeddable":true,"href":"https:\/\/rumbo.ar\/website\/wp-json\/wp\/v2\/tags?post=2930"}],"curies":[{"name":"wp","href":"https:\/\/api.w.org\/{rel}","templated":true}]}}