{"id":2915,"date":"2026-04-26T02:52:28","date_gmt":"2026-04-26T00:52:28","guid":{"rendered":"https:\/\/rumbo.ar\/website\/?p=2915"},"modified":"2026-04-26T02:52:28","modified_gmt":"2026-04-26T00:52:28","slug":"antigua-y-barbuda-impulso-su-oferta-turistica-en-wtm-latin-america-2026","status":"publish","type":"post","link":"https:\/\/rumbo.ar\/website\/antigua-y-barbuda-impulso-su-oferta-turistica-en-wtm-latin-america-2026\/","title":{"rendered":"Antigua y Barbuda impuls\u00f3 su oferta tur\u00edstica en WTM Latin America 2026"},"content":{"rendered":"\n<p>Antigua &amp; Barbuda (A&amp;B) no deja de fortalecer su posicionamiento en Am\u00e9rica Latina. As\u00ed qued\u00f3 demostrado en su participaci\u00f3n en la feria WTM Latin America, uno de los principales encuentros tur\u00edsticos B2B de la regi\u00f3n, en San Pablo, Brasil.<\/p>\n\n\n\n<p>En esta edici\u00f3n, el pa\u00eds integr\u00f3 la <em>Caribbean Village<\/em>, con el objetivo de potenciar la visibilidad regional y promover una oferta tur\u00edstica diversa y complementaria ante el mercado latinoamericano.<\/p>\n\n\n\n<p>Durante los tres d\u00edas de actividad, Julieta Peyr\u00e1s, ejecutiva de EM para A&amp;B cluster sur y representante del destino en la feria, tuvo valiosos encuentros con operadores, agentes de viajes y diversos actores del sector y la prensa para posicionar a\u00fan m\u00e1s toda su amplia oferta.<\/p>\n\n\n\n<figure class=\"wp-block-image size-large\"><img loading=\"lazy\" decoding=\"async\" width=\"863\" height=\"1150\" src=\"https:\/\/rumbo.ar\/website\/wp-content\/uploads\/2026\/04\/AB-WTM-1-863x1150.jpeg\" alt=\"\" class=\"wp-image-2917\" srcset=\"https:\/\/rumbo.ar\/website\/wp-content\/uploads\/2026\/04\/AB-WTM-1-863x1150.jpeg 863w, https:\/\/rumbo.ar\/website\/wp-content\/uploads\/2026\/04\/AB-WTM-1-600x800.jpeg 600w, https:\/\/rumbo.ar\/website\/wp-content\/uploads\/2026\/04\/AB-WTM-1-768x1024.jpeg 768w, https:\/\/rumbo.ar\/website\/wp-content\/uploads\/2026\/04\/AB-WTM-1.jpeg 960w\" sizes=\"auto, (max-width: 863px) 100vw, 863px\" \/><\/figure>\n\n\n\n<p><em>\u201cRepresentar a Antigua &amp; Barbuda en una feria tan grande como WTM Latin America en una ciudad tan importante como San Pablo no s\u00f3lo brinda mayor posicionamiento en la regi\u00f3n, sino que permite confirmar el creciente nivel de inter\u00e9s de los profesionales por vender este fabuloso destino\u201d<\/em>, destaca Peyr\u00e1s.<\/p>\n\n\n\n<p>Los buenos resultados para A&amp;B arrojaron un total de m\u00e1s de 65 leads interesados en promover su oferta, alrededor de 20 reuniones con operadores y agencias, encuentros con la prensa especializada y la participaci\u00f3n en el cocktail organizado por la Caribbean Tourism Organization (CTO).<\/p>\n\n\n\n<p><strong>Cada vez mejor<\/strong><\/p>\n\n\n\n<p>Mientras contin\u00faa su buen posicionamiento en Am\u00e9rica Latina, con ocho nominaciones dentro del segmento Caribe, A&amp;B tambi\u00e9n se destaca ampliamente entre los candidatos a ganar los World Travel Award 2026, galardones que, desde 1993, premian a los destinos por su calidad y excelencia en la industria tur\u00edstica.<\/p>\n\n\n\n<p>En esta oportunidad, A&amp;B fue nominado en las siguientes categor\u00edas: Destino de playa, Destino de Boda, Destino de Viaje Familiar, Destino de Luna de Miel, Destino MICE, Destino Rom\u00e1ntico, mejor Oficina de Turismo y mejor destino.<\/p>\n\n\n\n<p><em>\u201cDesde EM, como miembro aliado de la Organizaci\u00f3n de Turismo del Caribe (CTO), nos enorgullece que Antigua y Barbuda haya recibido tantas y tan importantes nominaciones para estos premios de sumo prestigio para el turismo internacional. Con nuestro equipo seguiremos trabajando para continuar con la promoci\u00f3n del destino antiguano y de toda la oferta caribe\u00f1a\u201d<\/em>, cerr\u00f3 Elsa Petersen.<\/p>\n","protected":false},"excerpt":{"rendered":"<p>Antigua &amp; Barbuda (A&amp;B) no deja de fortalecer su posicionamiento en Am\u00e9rica Latina. As\u00ed qued\u00f3 demostrado en su participaci\u00f3n en la feria WTM Latin America, uno de los principales encuentros tur\u00edsticos B2B de la regi\u00f3n, en San Pablo, Brasil. En esta edici\u00f3n, el pa\u00eds integr\u00f3 la Caribbean Village, con el objetivo de potenciar la visibilidad [&hellip;]<\/p>\n","protected":false},"author":2,"featured_media":2916,"comment_status":"closed","ping_status":"closed","sticky":false,"template":"","format":"standard","meta":{"footnotes":""},"categories":[1],"tags":[236,131,237],"class_list":["post-2915","post","type-post","status-publish","format-standard","has-post-thumbnail","hentry","category-blog","tag-antiguaybarbuda","tag-em","tag-wtm"],"_links":{"self":[{"href":"https:\/\/rumbo.ar\/website\/wp-json\/wp\/v2\/posts\/2915","targetHints":{"allow":["GET"]}}],"collection":[{"href":"https:\/\/rumbo.ar\/website\/wp-json\/wp\/v2\/posts"}],"about":[{"href":"https:\/\/rumbo.ar\/website\/wp-json\/wp\/v2\/types\/post"}],"author":[{"embeddable":true,"href":"https:\/\/rumbo.ar\/website\/wp-json\/wp\/v2\/users\/2"}],"replies":[{"embeddable":true,"href":"https:\/\/rumbo.ar\/website\/wp-json\/wp\/v2\/comments?post=2915"}],"version-history":[{"count":1,"href":"https:\/\/rumbo.ar\/website\/wp-json\/wp\/v2\/posts\/2915\/revisions"}],"predecessor-version":[{"id":2918,"href":"https:\/\/rumbo.ar\/website\/wp-json\/wp\/v2\/posts\/2915\/revisions\/2918"}],"wp:featuredmedia":[{"embeddable":true,"href":"https:\/\/rumbo.ar\/website\/wp-json\/wp\/v2\/media\/2916"}],"wp:attachment":[{"href":"https:\/\/rumbo.ar\/website\/wp-json\/wp\/v2\/media?parent=2915"}],"wp:term":[{"taxonomy":"category","embeddable":true,"href":"https:\/\/rumbo.ar\/website\/wp-json\/wp\/v2\/categories?post=2915"},{"taxonomy":"post_tag","embeddable":true,"href":"https:\/\/rumbo.ar\/website\/wp-json\/wp\/v2\/tags?post=2915"}],"curies":[{"name":"wp","href":"https:\/\/api.w.org\/{rel}","templated":true}]}}