{"id":2734,"date":"2026-03-13T12:10:22","date_gmt":"2026-03-13T11:10:22","guid":{"rendered":"https:\/\/rumbo.ar\/website\/?p=2734"},"modified":"2026-03-13T12:10:22","modified_gmt":"2026-03-13T11:10:22","slug":"conclusiones-30-encuentro-de-municipios-turisticos","status":"publish","type":"post","link":"https:\/\/rumbo.ar\/website\/conclusiones-30-encuentro-de-municipios-turisticos\/","title":{"rendered":"Conclusiones 30\u00b0 Encuentro de Municipios Tur\u00edsticos:"},"content":{"rendered":"\n<p>En el marco de la 90\u00ba Fiesta Nacional de la Vendimia, se realiz\u00f3 en la ciudad de Mendoza el 30\u00ba encuentro de municipios tur\u00edsticos con la presencia de m\u00e1s de 60 destinos tur\u00edsticos de todo el pa\u00eds.<\/p>\n\n\n\n<p>Las jornadas se desarrollaron en plena celebraci\u00f3n de vendimia y contaron con el condimento especial de la agenda de la emblem\u00e1tica fiesta mendocina. El jueves 5 de marzo se realiz\u00f3 la apertura en el Teatro Quintanilla en la Plaza Independencia, con la presencia del Intendente Ulpiano Su\u00e1rez, la Presidenta del Ente Mendoza Turismo Gabriela Testa, la Senadora Nacional Mariana Juri y el Presidente de la Red Federal de Municipios Tur\u00edsticos, Lic. Pablo Sgubini.<\/p>\n\n\n\n<p>En la apertura el Intendente de la Ciudad de Mendoza, destac\u00f3 la importancia de la actividad tur\u00edstica y la necesidad de mejorar la gesti\u00f3n local incentivando a fortalecer el espacio de intercambio de conocimientos conformado por la Red Federal de Turismo, brindando una c\u00e1lida bienvenida y aportando su visi\u00f3n del turismo y del impacto que la actividad genera en su ciudad. En las palabras de bienvenida la Senadora Mariana Juri, hizo alusi\u00f3n a la ley de reforma laboral, en cuanto a las vacaciones de los trabajadores, que ahora podr\u00e1n elegirlas y distribuirlas entre los meses de octubre y abril generando un calendario diferente en la salida vacacional, as\u00ed como tambi\u00e9n comprometi\u00f3 su presencia en el pr\u00f3ximo Congreso de legisladores tur\u00edsticos organizado por la Red Federal de Turismo y la Municipalidad de Villa de Merlo, a principios de Mayo de 2026.<\/p>\n\n\n\n<p>La presidenta del Ente de Turismo Gabriela Testa, brind\u00f3 su bienvenida complement\u00e1ndola con una charla de gesti\u00f3n en donde expuso la pol\u00edtica integral de la provincia de Mendoza en torno a la actividad tur\u00edstica brindando un gran panorama de lo abarcativa que resulta la gesti\u00f3n del turismo y compartiendo las acciones, proyectos y soluciones que desde la provincia de Mendoza han desarrollado para cubrir las expectativas de turistas, inversores y emprendedores locales. Fue un gran comienzo, que despert\u00f3 la atenci\u00f3n de todos los gestores y dejo de manifiesto la experiencia y el profesionalismo en turismo.<\/p>\n\n\n\n<figure class=\"wp-block-image size-large\"><img loading=\"lazy\" decoding=\"async\" width=\"1150\" height=\"765\" src=\"https:\/\/rumbo.ar\/website\/wp-content\/uploads\/2026\/03\/WDP_6912-1150x765.jpg\" alt=\"\" class=\"wp-image-2737\" srcset=\"https:\/\/rumbo.ar\/website\/wp-content\/uploads\/2026\/03\/WDP_6912-1150x765.jpg 1150w, https:\/\/rumbo.ar\/website\/wp-content\/uploads\/2026\/03\/WDP_6912-800x532.jpg 800w, https:\/\/rumbo.ar\/website\/wp-content\/uploads\/2026\/03\/WDP_6912-768x511.jpg 768w, https:\/\/rumbo.ar\/website\/wp-content\/uploads\/2026\/03\/WDP_6912-1536x1022.jpg 1536w, https:\/\/rumbo.ar\/website\/wp-content\/uploads\/2026\/03\/WDP_6912-2048x1363.jpg 2048w\" sizes=\"auto, (max-width: 1150px) 100vw, 1150px\" \/><\/figure>\n\n\n\n<p><strong>Primera Jornada:<\/strong><\/p>\n\n\n\n<p>Ronda de Buenas pr\u00e1cticas locales:<\/p>\n\n\n\n<p>La tecnolog\u00eda y su aplicaci\u00f3n al turismo, llego de la mano de EXO soluciones que brind\u00f3 un panorama de las innovaciones tecnol\u00f3gicas para el turismo con terminales de autogesti\u00f3n t\u00e1ctiles, simuladores aplicados a museos y centros de interpretaci\u00f3n, estacionamiento inteligente y sistemas integrales de monitoreo y obtenci\u00f3n de datos tur\u00edsticos. Un espacio que se renueva constantemente y mantiene actualizado a los gestores locales sobre el crisol de soluciones tecnol\u00f3gicas aplicadas al turismo. Disert\u00f3 Daniel Gallego.<\/p>\n\n\n\n<p>Otra innovaci\u00f3n lleg\u00f3 desde la mano de la tendencia del turismo gammer, que abarca un significativo grupo etario que en sus vacaciones desea trasladar sus costumbres de juego y de gamificaci\u00f3n a los destinos tur\u00edsticos. Se presentaron casos de aplicaci\u00f3n, como Castex en La Pampa y Villa Carlos Paz en C\u00f3rdoba, que cuentan con el equipamiento para satisfacer las necesidades de la creciente demanda. La presentaci\u00f3n abri\u00f3 la puerta a un interesante debate y se expusieron casos aplicables para los destinos tur\u00edsticos. La tendencia gammer lleg\u00f3 para quedarse y sin dudas deber\u00e1 ser abordada por los gestores. Disert\u00f3 Exequiel Milani de Bengroup.<\/p>\n\n\n\n<p>Por \u00faltimo, desde la Fundaci\u00f3n Plan21, orientada al desarrollo sostenible en los municipios y comunas, se delinearon los diferentes programas con los que cuenta para incentivar y brindar soluciones a las comunidades tanto en el aspecto ambiental, econ\u00f3mico como social. En este sentido, la charla hizo hincapi\u00e9 en varios proyectos destinados a la inserci\u00f3n de los j\u00f3venes en el mundo laboral, as\u00ed como al sostenimiento de diferentes oficios y costumbres que se discontin\u00faan con el paso del tiempo y que significan una gran fuente de trabajo y de identidad para las localidades. Se firm\u00f3 un acuerdo entre la Fundaci\u00f3n plan21, representada por Fabi\u00e1n Rom\u00e1n y la Red Federal de Turismo, representada por Pablo Sgubini, para realizar acciones en conjunto, entre ellas: un concurso para seleccionar un destino perteneciente a la Red Federal de Municipios Tur\u00edsticos para aplicar en el programa de <strong>Certificaci\u00f3n de Sostenibilidad:<\/strong>&nbsp;Biosphere.&nbsp; Es un sistema internacional que eval\u00faa la sostenibilidad tur\u00edstica bas\u00e1ndose en evidencias y datos, conectado en tiempo real con las metas de la ONU.<\/p>\n\n\n\n<p>La jornada culmino con el aporte de las universidades regionales en cuanto al rol de los estudiantes y del profesional en turismo en este nuevo escenario siempre din\u00e1mico y cambiante.<\/p>\n\n\n\n<figure class=\"wp-block-image size-large\"><img loading=\"lazy\" decoding=\"async\" width=\"1150\" height=\"766\" src=\"https:\/\/rumbo.ar\/website\/wp-content\/uploads\/2026\/03\/WDP_7419-1150x766.jpg\" alt=\"\" class=\"wp-image-2738\" srcset=\"https:\/\/rumbo.ar\/website\/wp-content\/uploads\/2026\/03\/WDP_7419-1150x766.jpg 1150w, https:\/\/rumbo.ar\/website\/wp-content\/uploads\/2026\/03\/WDP_7419-800x533.jpg 800w, https:\/\/rumbo.ar\/website\/wp-content\/uploads\/2026\/03\/WDP_7419-768x512.jpg 768w, https:\/\/rumbo.ar\/website\/wp-content\/uploads\/2026\/03\/WDP_7419-1536x1023.jpg 1536w, https:\/\/rumbo.ar\/website\/wp-content\/uploads\/2026\/03\/WDP_7419-2048x1364.jpg 2048w\" sizes=\"auto, (max-width: 1150px) 100vw, 1150px\" \/><\/figure>\n\n\n\n<p>Segunda jornada: <strong>mesa federal.<\/strong><\/p>\n\n\n\n<p>La mesa federal de la Red Federal de Turismo es un espacio de intercambio de informaci\u00f3n, conocimiento y opini\u00f3n en cuanto a temas coyunturales de la actividad tur\u00edstica. M\u00e1s de 60 municipios participaron realizando un pormenorizado an\u00e1lisis de la temporada de verano, brindando sus datos de ocupaci\u00f3n y sus informes de gasto per c\u00e1pita. Desde las diferentes regiones del pa\u00eds se conoci\u00f3 de los propios actores del destino, la sensaci\u00f3n de la temporada, que arroj\u00f3 datos dispares. En todos los casos se coincidi\u00f3 con la disminuci\u00f3n de la estad\u00eda en noches y del gasto tur\u00edstico con respecto al a\u00f1o anterior.<\/p>\n\n\n\n<p>La salida vacacional y el factor de ocupaci\u00f3n de las plazas de alojamiento se dio de manera dispar en los destinos; en algunas regiones, se observaron buenos guarismos y en otras muestras de preocupaci\u00f3n. Se coincidi\u00f3 en que a pesar de la crisis socioecon\u00f3mica nacional e internacional, el turismo interno sigue dando muestras de responder en el calendario de salidas vacacionales y que el periodo de vacaciones se ha convertido en un derecho y en una necesidad para los argentinos que lo practican a lo largo y a lo ancho del pa\u00eds. La necesidad de generar ofertas, de mejorar los calendarios de eventos, diversificando tambi\u00e9n el producto son parte de las agendas de los municipios tur\u00edsticos en este 2026.&nbsp;<\/p>\n\n\n\n<p>En un mundo globalizado y con conectividad a\u00e9rea se plante\u00f3 como moci\u00f3n por varios colegas, la apertura de nuevos mercados incentiv\u00e1ndolos a trav\u00e9s de diferentes estrategias en conjunto con los estamentos provinciales y nacionales, con la finalidad de sustituir y renovar una demanda siempre cambiante.<\/p>\n\n\n\n<p>Participaron de la mesa, autoridades de la Secretar\u00eda de Turismo y Ambiente de la Naci\u00f3n a trav\u00e9s de la Directora Nacional Desarrollo Tur\u00edstico, Mag. Mariana P\u00e9rez M\u00e1rquez, que en su exposici\u00f3n brind\u00f3 las herramientas que ha dise\u00f1ado la Secretar\u00eda para la promoci\u00f3n de los destinos, as\u00ed como tambi\u00e9n unas gu\u00edas pr\u00e1cticas para diversificar el producto apostando entre otros entre otras experiencias al turismo rural, al enoturismo, al astroturismo, al turismo deportivo, el turismo de naturaleza, entre otros temas.<\/p>\n\n\n\n<p>Las herramientas presentadas por la Direcci\u00f3n de Desarrollo Tur\u00edstico resultan esenciales, para complementar el trabajo de los gestores tur\u00edsticos locales, brind\u00e1ndole apoyo a los destinos emergentes y resultando un material de consulta que ser\u00e1 presentado a trav\u00e9s de una serie de talleres virtuales en un cronograma anual que ser\u00e1 socializado para los integrantes de esta gran red federal de turismo.<\/p>\n\n\n\n<p>Rodrigo B\u00e1ez, de la Secretar\u00eda de Turismo y Ambiente de la Naci\u00f3n fue el encargado de lanzar la edici\u00f3n 2026 del programa de la ONU <strong>Best Tourism Villages,<\/strong> que premia a localidades de menos de 15000 habitantes ubicadas en zonas rurales. Se presentaron los requisitos para las candidaturas y la preselecci\u00f3n de 8 destinos argentinos que competir\u00e1n a nivel mundial mostrando sus cualidades, atractivos y gesti\u00f3n para poder ser seleccionada como una de las villas tur\u00edsticas m\u00e1s lindas del mundo.<\/p>\n\n\n\n<p>Se gener\u00f3 una articulaci\u00f3n con la Secretar\u00eda para que los municipios interesados puedan acceder a un zoom personalizado en donde puedan canalizar sus inquietudes y ver los detalles de los diferentes formularios y fichas que propone el programa. Entre los interesados se destacaron Malarg\u00fce, Villa Gesell con Mar de las Pampas, La Cumbrecita, Los Reartes, 25 de mayo en La Pampa, Juan Jos\u00e9 Castelli, en Chaco, Jachal en San Juan, la Cumbre en C\u00f3rdoba y Cachi en Salta.<\/p>\n\n\n\n<p><strong>Congreso de Legislaci\u00f3n Tur\u00edstica:&nbsp;<\/strong><\/p>\n\n\n\n<p>Organizado por la Red Federal de Turismo y la Municipalidad de Villa de Merlo, se lanz\u00f3 el primer Congreso de legisladores tur\u00edsticos a realizarse los d\u00edas 6, 7 y 8 de mayo del 2026 en la provincia de San Luis. El evento contar\u00e1 con cuatro bloques tem\u00e1ticos para abordar, en torno a la legislaci\u00f3n local, provincial y nacional. Los ejes son Patrimonio cultural y turismo naranja; el rol de contralor de los estados locales y el proceso de habilitaciones; un bloque destinado a las inversiones tur\u00edsticas y por \u00faltimo, un bloque de tendencias legislativas en donde se abordar\u00e1n temas como la regulaci\u00f3n digital, la protecci\u00f3n de los cielos y la contaminaci\u00f3n ambiental. Acompa\u00f1aron el lanzamiento desde el municipio la coordinadora de gabinete Stella Maris Cuello y el Secretario de Turismo de Villa de Merlo, Nicol\u00e1s Mancilla. Sin dudas el Congreso despert\u00f3 una gran expectativa comprometiendo la presencia de senadores nacionales y diputados, en donde se abordar\u00e1n tambi\u00e9n temas coyunturales como la reforma laboral, que propone que el trabajador pueda tomar sus vacaciones de manera escalonada durante los per\u00edodos de octubre a abril, generando un consecuente cambio en las temporadas altas, haciendo que los arribos vacacionales se distribuyan no solo durante enero y febrero sino en diferentes \u00e9pocas del a\u00f1o.<\/p>\n\n\n\n<p>Turismo deportivo:<\/p>\n\n\n\n<p>La Red Federal de Turismo, junto a la Red Latinoamericana de Turismo Deportivo firmaron un convenio de reciprocidad con la finalidad de crear la comisi\u00f3n de turismo deportivo nacional conformada por destinos tur\u00edsticos de diferentes regiones del pa\u00eds y que contar\u00e1 con el asesoramiento t\u00e9cnico y la especializaci\u00f3n brindada por referentes y t\u00e9cnicos pertenecientes a la Red Latinoamericana de Turismo Deportivo. Adem\u00e1s, se lanz\u00f3 el primer Congreso de Turismo Deportivo a realizarse a finales de junio en la localidad de Luj\u00e1n de Cuyo, provincia de Mendoza del cual la Red Federal de Turismo, ser\u00e1 parte.<\/p>\n\n\n\n<p>Una gran tem\u00e1tica que debe ser abordada de manera integral y profesional aprovechando sus beneficios y minimizando sus impactos. El turismo deportivo ya es parte de los calendarios de todos los destinos y ser\u00e1 parte de la capacitaci\u00f3n 2026 de la Red Federal de Turismo.<\/p>\n\n\n\n<p>Enoturismo<\/p>\n\n\n\n<p>Se presentaron dos buenas pr\u00e1cticas en torno al enoturismo. La primera destinada a los emprendedores de cada ciudad que propone celebrar el d\u00eda del Malbec, el 17 de abril, mediante un evento denominado la Noche de las Vinotecas. La celebraci\u00f3n viene creciendo a lo largo y a lo ancho del pa\u00eds visibilizando las diferentes vinotecas que forman parte de cada ciudad y destino, proponiendo degustaciones, circuitos, festividades y generando un nuevo evento para el calendario tur\u00edstico, brind\u00e1ndole apoyo a los micro emprendedores de cada regi\u00f3n. Disert\u00f3: P\u00eda Argim\u00f3n.<\/p>\n\n\n\n<p>Fiesta de la vendimia<\/p>\n\n\n\n<p>Desde Santiago de Chile, presentaron el proceso de la creaci\u00f3n y desarrollo de la Fiesta de la Vendimia del Maipo, inspirada en la vendimia mendocina y que viene generando muy buenos resultados en el vecino pa\u00eds de Chile. Claudio Ruz, Subgerente de Turismo de Santiago, estuvo a cargo de la disertaci\u00f3n, mostrando el impacto que genera la festividad en Santiago y su regi\u00f3n metropolitana, complementando la identidad vitivin\u00edcola de la regi\u00f3n, generando una verdadera ruta binacional del vino.<\/p>\n\n\n\n<p>Participaci\u00f3n binacional:<\/p>\n\n\n\n<p>La realizaci\u00f3n del 30\u00ba encuentro de municipios tur\u00edsticos en la provincia de Mendoza permiti\u00f3 la participaci\u00f3n de distintos gestores del turismo de Chile. La presencia del presidente de la Asociaci\u00f3n de Municipios Tur\u00edsticos Chilenos, Jos\u00e9 Jofre, signific\u00f3 una muestra de integraci\u00f3n. El aporte de la mirada trasandina en los distintos temas que se fueron abordando fue parte de la jornada del viernes. La presentaci\u00f3n de la Fiesta de la Vendimia del Maipo de Santiago de Chile y la firma del convenio con la red latinoamericana de turismo deportivo presidida por una comisi\u00f3n de colegas chilenos es una muestra del esp\u00edritu federal y de integraci\u00f3n que profesa este espacio de verdadero arraigo local.&nbsp;<\/p>\n\n\n\n<p>Punto Federal de Promoci\u00f3n:<\/p>\n\n\n\n<p>La realizaci\u00f3n del punto federal de promoci\u00f3n en la Plaza Independencia cont\u00f3 con la colaboraci\u00f3n de la Red Federal de Turismo, participando con un stand y fortaleciendo el espacio que logr\u00f3 presentar 30 exponentes de diferentes puntos del pa\u00eds y del vecino pa\u00eds de Chile.&nbsp;<\/p>\n\n\n\n<figure class=\"wp-block-image size-large\"><img loading=\"lazy\" decoding=\"async\" width=\"1150\" height=\"766\" src=\"https:\/\/rumbo.ar\/website\/wp-content\/uploads\/2026\/03\/WDP_7633-1150x766.jpg\" alt=\"\" class=\"wp-image-2736\" srcset=\"https:\/\/rumbo.ar\/website\/wp-content\/uploads\/2026\/03\/WDP_7633-1150x766.jpg 1150w, https:\/\/rumbo.ar\/website\/wp-content\/uploads\/2026\/03\/WDP_7633-800x533.jpg 800w, https:\/\/rumbo.ar\/website\/wp-content\/uploads\/2026\/03\/WDP_7633-768x512.jpg 768w, https:\/\/rumbo.ar\/website\/wp-content\/uploads\/2026\/03\/WDP_7633-1536x1023.jpg 1536w, https:\/\/rumbo.ar\/website\/wp-content\/uploads\/2026\/03\/WDP_7633-2048x1364.jpg 2048w\" sizes=\"auto, (max-width: 1150px) 100vw, 1150px\" \/><\/figure>\n\n\n\n<p>Distinciones<\/p>\n\n\n\n<p>En el marco del 30\u00ba Encuentro de Municipios Tur\u00edsticos, la comisi\u00f3n de la asociaci\u00f3n civil red federal de turismo, distingui\u00f3 a una serie de colegas gestores tur\u00edsticos locales por su compromiso con la Red Federal de Turismo y con la pr\u00e1ctica del asociativismo entre destinos tur\u00edsticos.<\/p>\n\n\n\n<p>Tambi\u00e9n se reconoci\u00f3 la tarea de los medios de prensa especializados en turismo por la difusi\u00f3n de las actividades de los destinos a nivel federal y por su compromiso en la participaci\u00f3n en estos 30 encuentros de la red federal de turismo.<\/p>\n\n\n\n<p>El evento represent\u00f3 un hito en la historia de la red, por el compromiso de los asistentes, el nivel de debate y la territorialidad reflejada en cada uno de los temas abordados. El trabajo colaborativo que viene realizando la Red Federal de Municipios Tur\u00edsticos y la evoluci\u00f3n del espacio con el paso del tiempo, mediante la generosidad y el intercambio de conocimiento que se propone como objetivo, posicionan a la Red Federal de Turismo como uno de los espacios m\u00e1s representativos de la voz de los territorios en la Rep\u00fablica Argentina.&nbsp;<\/p>\n","protected":false},"excerpt":{"rendered":"<p>En el marco de la 90\u00ba Fiesta Nacional de la Vendimia, se realiz\u00f3 en la ciudad de Mendoza el 30\u00ba encuentro de municipios tur\u00edsticos con la presencia de m\u00e1s de 60 destinos tur\u00edsticos de todo el pa\u00eds. Las jornadas se desarrollaron en plena celebraci\u00f3n de vendimia y contaron con el condimento especial de la agenda [&hellip;]<\/p>\n","protected":false},"author":2,"featured_media":2735,"comment_status":"closed","ping_status":"closed","sticky":false,"template":"","format":"standard","meta":{"footnotes":""},"categories":[28,8],"tags":[80,192,185,60],"class_list":["post-2734","post","type-post","status-publish","format-standard","has-post-thumbnail","hentry","category-argentina","category-destinos","tag-mendoza","tag-nacional","tag-redfederal","tag-turismo"],"_links":{"self":[{"href":"https:\/\/rumbo.ar\/website\/wp-json\/wp\/v2\/posts\/2734","targetHints":{"allow":["GET"]}}],"collection":[{"href":"https:\/\/rumbo.ar\/website\/wp-json\/wp\/v2\/posts"}],"about":[{"href":"https:\/\/rumbo.ar\/website\/wp-json\/wp\/v2\/types\/post"}],"author":[{"embeddable":true,"href":"https:\/\/rumbo.ar\/website\/wp-json\/wp\/v2\/users\/2"}],"replies":[{"embeddable":true,"href":"https:\/\/rumbo.ar\/website\/wp-json\/wp\/v2\/comments?post=2734"}],"version-history":[{"count":1,"href":"https:\/\/rumbo.ar\/website\/wp-json\/wp\/v2\/posts\/2734\/revisions"}],"predecessor-version":[{"id":2739,"href":"https:\/\/rumbo.ar\/website\/wp-json\/wp\/v2\/posts\/2734\/revisions\/2739"}],"wp:featuredmedia":[{"embeddable":true,"href":"https:\/\/rumbo.ar\/website\/wp-json\/wp\/v2\/media\/2735"}],"wp:attachment":[{"href":"https:\/\/rumbo.ar\/website\/wp-json\/wp\/v2\/media?parent=2734"}],"wp:term":[{"taxonomy":"category","embeddable":true,"href":"https:\/\/rumbo.ar\/website\/wp-json\/wp\/v2\/categories?post=2734"},{"taxonomy":"post_tag","embeddable":true,"href":"https:\/\/rumbo.ar\/website\/wp-json\/wp\/v2\/tags?post=2734"}],"curies":[{"name":"wp","href":"https:\/\/api.w.org\/{rel}","templated":true}]}}