{"id":2724,"date":"2026-03-09T17:05:59","date_gmt":"2026-03-09T16:05:59","guid":{"rendered":"https:\/\/rumbo.ar\/website\/?p=2724"},"modified":"2026-03-09T17:06:00","modified_gmt":"2026-03-09T16:06:00","slug":"vendimia-2026-mendoza-celebro-bajo-la-lluvia-y-reafirmo-su-impacto-en-el-turismo","status":"publish","type":"post","link":"https:\/\/rumbo.ar\/website\/vendimia-2026-mendoza-celebro-bajo-la-lluvia-y-reafirmo-su-impacto-en-el-turismo\/","title":{"rendered":"Vendimia 2026: Mendoza celebr\u00f3 bajo la lluvia y reafirm\u00f3 su impacto en el turismo"},"content":{"rendered":"\n<p>La provincia de Mendoza volvi\u00f3 a desplegar todo su potencial tur\u00edstico con una nueva edici\u00f3n de la Fiesta Nacional de la Vendimia, el evento cultural y tur\u00edstico m\u00e1s importante del calendario mendocino y uno de los grandes atractivos del turismo argentino. A pesar de las fuertes tormentas que obligaron a suspender la gala del s\u00e1bado, el espect\u00e1culo central finalmente se realiz\u00f3 el domingo, manteniendo en vilo a miles de mendocinos y visitantes que llegaron especialmente para vivir la experiencia vendimial.<\/p>\n\n\n\n<p>La celebraci\u00f3n volvi\u00f3 a demostrar su peso dentro de la industria tur\u00edstica. Seg\u00fan estimaciones oficiales del sector, m\u00e1s de <strong>37.000 turistas arribaron a la provincia durante los d\u00edas centrales de Vendimia<\/strong>, impulsando la actividad en hoteler\u00eda, gastronom\u00eda, transporte y experiencias vinculadas al vino.<\/p>\n\n\n\n<p>En cuanto al alojamiento, el <strong>Gran Mendoza registr\u00f3 niveles de ocupaci\u00f3n cercanos al 87%<\/strong>, con picos m\u00e1s altos en hoteles de mayor categor\u00eda. Los establecimientos de <strong>4 y 5 estrellas alcanzaron entre el 80% y el 85% de ocupaci\u00f3n<\/strong>, reflejando una fuerte presencia de turismo premium asociado al enoturismo y a los eventos de alto nivel que acompa\u00f1an la agenda vendimial.<\/p>\n\n\n\n<figure class=\"wp-block-image size-large\"><img loading=\"lazy\" decoding=\"async\" width=\"1150\" height=\"544\" src=\"https:\/\/rumbo.ar\/website\/wp-content\/uploads\/2026\/03\/2-1150x544.jpeg\" alt=\"\" class=\"wp-image-2726\" srcset=\"https:\/\/rumbo.ar\/website\/wp-content\/uploads\/2026\/03\/2-1150x544.jpeg 1150w, https:\/\/rumbo.ar\/website\/wp-content\/uploads\/2026\/03\/2-800x378.jpeg 800w, https:\/\/rumbo.ar\/website\/wp-content\/uploads\/2026\/03\/2-768x363.jpeg 768w, https:\/\/rumbo.ar\/website\/wp-content\/uploads\/2026\/03\/2.jpeg 1410w\" sizes=\"auto, (max-width: 1150px) 100vw, 1150px\" \/><\/figure>\n\n\n\n<p>El espect\u00e1culo central volvi\u00f3 a realizarse en el Teatro Griego Frank Romero Day, con entradas agotadas, cerros colmados de espectadores y una importante audiencia siguiendo la transmisi\u00f3n por televisi\u00f3n y plataformas de streaming. La fiesta funciona cada a\u00f1o como una gran vidriera internacional para el destino, posicionando a Mendoza como uno de los principales polos de turismo del vino de Am\u00e9rica Latina.<\/p>\n\n\n\n<p>Desde el punto de vista econ\u00f3mico, el movimiento tur\u00edstico generado por la Vendimia representa un importante ingreso para la provincia. Los relevamientos del sector estiman una <strong>estad\u00eda promedio cercana a los cuatro d\u00edas<\/strong>, con un gasto tur\u00edstico que impacta directamente en hoteles, restaurantes, bodegas, excursiones y transporte.<\/p>\n\n\n\n<p>Uno de los momentos m\u00e1s esperados fue la elecci\u00f3n de la nueva soberana vendimial. Tras una votaci\u00f3n muy pareja entre las representantes departamentales, el departamento de San Rafael se qued\u00f3 con la corona de la edici\u00f3n 2026. La joven Azul Antol\u00ednez fue elegida como <strong>Reina Nacional de la Vendimia 2026<\/strong>, convirti\u00e9ndose en la nueva embajadora de la cultura vitivin\u00edcola mendocina.M\u00e1s all\u00e1 del espect\u00e1culo central, la Vendimia se consolida como un <strong>producto tur\u00edstico integral<\/strong>, con una agenda que incluye fiestas departamentales, degustaciones, experiencias en bodegas, propuestas gastron\u00f3micas y eventos culturales que se extienden durante varias semanas. Para el trade, la celebraci\u00f3n contin\u00faa siendo una de las plataformas m\u00e1s importantes para promocionar el enoturismo argentino, generar flujo tur\u00edstico y fortalecer el posicionamiento internacional del destino Mendoza.<\/p>\n","protected":false},"excerpt":{"rendered":"<p>La provincia de Mendoza volvi\u00f3 a desplegar todo su potencial tur\u00edstico con una nueva edici\u00f3n de la Fiesta Nacional de la Vendimia, el evento cultural y tur\u00edstico m\u00e1s importante del calendario mendocino y uno de los grandes atractivos del turismo argentino. A pesar de las fuertes tormentas que obligaron a suspender la gala del s\u00e1bado, [&hellip;]<\/p>\n","protected":false},"author":2,"featured_media":2725,"comment_status":"closed","ping_status":"closed","sticky":false,"template":"","format":"standard","meta":{"footnotes":""},"categories":[9,28],"tags":[80,188,103,151],"class_list":["post-2724","post","type-post","status-publish","format-standard","has-post-thumbnail","hentry","category-actualidad","category-argentina","tag-mendoza","tag-reinas","tag-vendimia","tag-vinos"],"_links":{"self":[{"href":"https:\/\/rumbo.ar\/website\/wp-json\/wp\/v2\/posts\/2724","targetHints":{"allow":["GET"]}}],"collection":[{"href":"https:\/\/rumbo.ar\/website\/wp-json\/wp\/v2\/posts"}],"about":[{"href":"https:\/\/rumbo.ar\/website\/wp-json\/wp\/v2\/types\/post"}],"author":[{"embeddable":true,"href":"https:\/\/rumbo.ar\/website\/wp-json\/wp\/v2\/users\/2"}],"replies":[{"embeddable":true,"href":"https:\/\/rumbo.ar\/website\/wp-json\/wp\/v2\/comments?post=2724"}],"version-history":[{"count":1,"href":"https:\/\/rumbo.ar\/website\/wp-json\/wp\/v2\/posts\/2724\/revisions"}],"predecessor-version":[{"id":2727,"href":"https:\/\/rumbo.ar\/website\/wp-json\/wp\/v2\/posts\/2724\/revisions\/2727"}],"wp:featuredmedia":[{"embeddable":true,"href":"https:\/\/rumbo.ar\/website\/wp-json\/wp\/v2\/media\/2725"}],"wp:attachment":[{"href":"https:\/\/rumbo.ar\/website\/wp-json\/wp\/v2\/media?parent=2724"}],"wp:term":[{"taxonomy":"category","embeddable":true,"href":"https:\/\/rumbo.ar\/website\/wp-json\/wp\/v2\/categories?post=2724"},{"taxonomy":"post_tag","embeddable":true,"href":"https:\/\/rumbo.ar\/website\/wp-json\/wp\/v2\/tags?post=2724"}],"curies":[{"name":"wp","href":"https:\/\/api.w.org\/{rel}","templated":true}]}}