{"id":2718,"date":"2026-03-06T15:34:47","date_gmt":"2026-03-06T14:34:47","guid":{"rendered":"https:\/\/rumbo.ar\/website\/?p=2718"},"modified":"2026-03-06T15:34:48","modified_gmt":"2026-03-06T14:34:48","slug":"la-red-federal-de-turismo-consolida-su-agenda-en-el-30-encuentro-de-municipios-turisticos","status":"publish","type":"post","link":"https:\/\/rumbo.ar\/website\/la-red-federal-de-turismo-consolida-su-agenda-en-el-30-encuentro-de-municipios-turisticos\/","title":{"rendered":"La Red Federal de Turismo consolida su agenda en el 30\u00b0 Encuentro de Municipios Tur\u00edsticos."},"content":{"rendered":"\n<p><em>Con sede en Mendoza y en el marco de una semana clave para el destino por Vendimia, referentes de municipios de todo el pa\u00eds debatieron sobre innovaci\u00f3n, tecnolog\u00eda y nuevas miradas para el desarrollo de los destinos.<\/em><\/p>\n\n\n\n<p>En coincidencia con la celebraci\u00f3n de la Fiesta Nacional de la Vendimia, Mendoza fue sede del <strong>30\u00b0 Encuentro de Municipios Tur\u00edsticos<\/strong>, una instancia de articulaci\u00f3n federal que reuni\u00f3 a representantes de destinos de todo el pa\u00eds para analizar desaf\u00edos y oportunidades del sector.<\/p>\n\n\n\n<figure class=\"wp-block-image size-large\"><img loading=\"lazy\" decoding=\"async\" width=\"1150\" height=\"546\" src=\"https:\/\/rumbo.ar\/website\/wp-content\/uploads\/2026\/03\/WhatsApp-Image-2026-03-06-at-11.11.20-1150x546.jpeg\" alt=\"\" class=\"wp-image-2720\" srcset=\"https:\/\/rumbo.ar\/website\/wp-content\/uploads\/2026\/03\/WhatsApp-Image-2026-03-06-at-11.11.20-1150x546.jpeg 1150w, https:\/\/rumbo.ar\/website\/wp-content\/uploads\/2026\/03\/WhatsApp-Image-2026-03-06-at-11.11.20-800x380.jpeg 800w, https:\/\/rumbo.ar\/website\/wp-content\/uploads\/2026\/03\/WhatsApp-Image-2026-03-06-at-11.11.20-768x364.jpeg 768w, https:\/\/rumbo.ar\/website\/wp-content\/uploads\/2026\/03\/WhatsApp-Image-2026-03-06-at-11.11.20-1536x729.jpeg 1536w, https:\/\/rumbo.ar\/website\/wp-content\/uploads\/2026\/03\/WhatsApp-Image-2026-03-06-at-11.11.20.jpeg 1600w\" sizes=\"auto, (max-width: 1150px) 100vw, 1150px\" \/><\/figure>\n\n\n\n<p>Durante tres jornadas de trabajo, funcionarios y referentes t\u00e9cnicos abordaron temas estrat\u00e9gicos para el desarrollo tur\u00edstico local, entre ellos problem\u00e1ticas comunes de gesti\u00f3n, soluciones tecnol\u00f3gicas aplicadas al turismo, el fen\u00f3meno de los <strong>municipios gamers<\/strong>, el desarrollo de <strong>destinos con prop\u00f3sito<\/strong> y nuevas perspectivas acad\u00e9micas vinculadas a la planificaci\u00f3n tur\u00edstica.<\/p>\n\n\n\n<p>Uno de los momentos destacados del encuentro fue la presentaci\u00f3n institucional de la Asociaci\u00f3n Civil Red Federal de Turismo, espacio que busca fortalecer la cooperaci\u00f3n entre municipios y promover una agenda de desarrollo tur\u00edstico federal con foco en la innovaci\u00f3n, la profesionalizaci\u00f3n de la gesti\u00f3n y el intercambio de buenas pr\u00e1cticas.<\/p>\n\n\n\n<figure class=\"wp-block-image size-large\"><img loading=\"lazy\" decoding=\"async\" width=\"1150\" height=\"519\" src=\"https:\/\/rumbo.ar\/website\/wp-content\/uploads\/2026\/03\/WhatsApp-Image-2026-03-06-at-11.10.05-1150x519.jpeg\" alt=\"\" class=\"wp-image-2721\" srcset=\"https:\/\/rumbo.ar\/website\/wp-content\/uploads\/2026\/03\/WhatsApp-Image-2026-03-06-at-11.10.05-1150x519.jpeg 1150w, https:\/\/rumbo.ar\/website\/wp-content\/uploads\/2026\/03\/WhatsApp-Image-2026-03-06-at-11.10.05-800x361.jpeg 800w, https:\/\/rumbo.ar\/website\/wp-content\/uploads\/2026\/03\/WhatsApp-Image-2026-03-06-at-11.10.05-768x347.jpeg 768w, https:\/\/rumbo.ar\/website\/wp-content\/uploads\/2026\/03\/WhatsApp-Image-2026-03-06-at-11.10.05.jpeg 1436w\" sizes=\"auto, (max-width: 1150px) 100vw, 1150px\" \/><\/figure>\n\n\n\n<p>La entidad es presidida por el Lic. Pablo Sgubini, quien encabez\u00f3 las actividades junto a funcionarios y referentes de turismo de distintos municipios argentinos, consolidando un espacio de di\u00e1logo clave para el crecimiento del sector a nivel local. En ese marco, Sgubini tambi\u00e9n adelant\u00f3 la realizaci\u00f3n del <strong>31\u00b0 Encuentro de Municipios Tur\u00edsticos<\/strong>, que ya fue confirmado en la Villa de Merlo, consolidando la continuidad de este espacio federal de trabajo para el sector.<\/p>\n\n\n\n<p>En este contexto, <strong>Rumbo<\/strong> estuvo presente acompa\u00f1ando las jornadas y participando de estas reuniones estrat\u00e9gicas para el turismo argentino, donde se delinearon l\u00edneas de trabajo conjuntas y nuevas herramientas para potenciar el desarrollo de los destinos desde una mirada federal.<\/p>\n","protected":false},"excerpt":{"rendered":"<p>Con sede en Mendoza y en el marco de una semana clave para el destino por Vendimia, referentes de municipios de todo el pa\u00eds debatieron sobre innovaci\u00f3n, tecnolog\u00eda y nuevas miradas para el desarrollo de los destinos. En coincidencia con la celebraci\u00f3n de la Fiesta Nacional de la Vendimia, Mendoza fue sede del 30\u00b0 Encuentro [&hellip;]<\/p>\n","protected":false},"author":2,"featured_media":2719,"comment_status":"closed","ping_status":"closed","sticky":false,"template":"","format":"standard","meta":{"footnotes":""},"categories":[9,28,10],"tags":[67,186,185,60],"class_list":["post-2718","post","type-post","status-publish","format-standard","has-post-thumbnail","hentry","category-actualidad","category-argentina","category-negocios","tag-destinos","tag-municipios","tag-redfederal","tag-turismo"],"_links":{"self":[{"href":"https:\/\/rumbo.ar\/website\/wp-json\/wp\/v2\/posts\/2718","targetHints":{"allow":["GET"]}}],"collection":[{"href":"https:\/\/rumbo.ar\/website\/wp-json\/wp\/v2\/posts"}],"about":[{"href":"https:\/\/rumbo.ar\/website\/wp-json\/wp\/v2\/types\/post"}],"author":[{"embeddable":true,"href":"https:\/\/rumbo.ar\/website\/wp-json\/wp\/v2\/users\/2"}],"replies":[{"embeddable":true,"href":"https:\/\/rumbo.ar\/website\/wp-json\/wp\/v2\/comments?post=2718"}],"version-history":[{"count":1,"href":"https:\/\/rumbo.ar\/website\/wp-json\/wp\/v2\/posts\/2718\/revisions"}],"predecessor-version":[{"id":2722,"href":"https:\/\/rumbo.ar\/website\/wp-json\/wp\/v2\/posts\/2718\/revisions\/2722"}],"wp:featuredmedia":[{"embeddable":true,"href":"https:\/\/rumbo.ar\/website\/wp-json\/wp\/v2\/media\/2719"}],"wp:attachment":[{"href":"https:\/\/rumbo.ar\/website\/wp-json\/wp\/v2\/media?parent=2718"}],"wp:term":[{"taxonomy":"category","embeddable":true,"href":"https:\/\/rumbo.ar\/website\/wp-json\/wp\/v2\/categories?post=2718"},{"taxonomy":"post_tag","embeddable":true,"href":"https:\/\/rumbo.ar\/website\/wp-json\/wp\/v2\/tags?post=2718"}],"curies":[{"name":"wp","href":"https:\/\/api.w.org\/{rel}","templated":true}]}}