{"id":2547,"date":"2026-01-29T14:20:02","date_gmt":"2026-01-29T13:20:02","guid":{"rendered":"https:\/\/rumbo.ar\/website\/?p=2547"},"modified":"2026-01-29T14:20:03","modified_gmt":"2026-01-29T13:20:03","slug":"em-marketing-communication-se-presento-con-exito-en-fitur-2026","status":"publish","type":"post","link":"https:\/\/rumbo.ar\/website\/em-marketing-communication-se-presento-con-exito-en-fitur-2026\/","title":{"rendered":"EM Marketing &amp; Communication se present\u00f3 con \u00e9xito en FITUR 2026"},"content":{"rendered":"\n<p>La agencia EM Marketing &amp; Communication, grupo Latam PR y miembro aliado de la Organizaci\u00f3n de Turismo del Caribe (CTO), tuvo una destacada participaci\u00f3n en una nueva edici\u00f3n de FITUR, la principal feria tur\u00edstica de Espa\u00f1a y uno de los m\u00e1ximos encuentros del sector en el mundo. La misma se desarroll\u00f3 en Madrid del 21 al 25 de enero.<\/p>\n\n\n\n<p>A trav\u00e9s de Elsa Petersen, CEO de la compa\u00f1\u00eda, la agencia lleg\u00f3 a la capital espa\u00f1ola luego un gran 2025, con campa\u00f1as de promoci\u00f3n tur\u00edstica de los destinos del Caribe Antigua &amp; Barbuda y Turks and Caicos y la misi\u00f3n de captar nuevos clientes para el presente a\u00f1o<\/p>\n\n\n\n<p><em>\u201cFITUR representa el gran evento tur\u00edstico. Por eso, nuestra presencia es m\u00e1s que importante. Estar en Madrid nos permite acercarnos a los principales actores del sector, idear propuestas y proyectar nuevas alianzas\u201d<\/em>, sintetiz\u00f3 Elsa Peterse.<\/p>\n\n\n\n<p>A su vez, y luego del gran trabajo junto al DMC Promo Travel para promover sus ofertas en Egipto, Dub\u00e1i, Jordania, Turqu\u00eda y Arabia Saudita, EM apuesta por expandirse dentro del mundo de los DMC en Europa, Asia y \u00c1frica. En este punto, la presencia de Petersen fue muy valiosa en pos de generar nuevas oportunidades a futuro.<\/p>\n\n\n\n<p><\/p>\n","protected":false},"excerpt":{"rendered":"<p>La agencia EM Marketing &amp; Communication, grupo Latam PR y miembro aliado de la Organizaci\u00f3n de Turismo del Caribe (CTO), tuvo una destacada participaci\u00f3n en una nueva edici\u00f3n de FITUR, la principal feria tur\u00edstica de Espa\u00f1a y uno de los m\u00e1ximos encuentros del sector en el mundo. La misma se desarroll\u00f3 en Madrid del 21 [&hellip;]<\/p>\n","protected":false},"author":2,"featured_media":2548,"comment_status":"closed","ping_status":"closed","sticky":false,"template":"","format":"standard","meta":{"footnotes":""},"categories":[10],"tags":[63,133,131,117,132,134],"class_list":["post-2547","post","type-post","status-publish","format-standard","has-post-thumbnail","hentry","category-negocios","tag-caribe","tag-communication","tag-em","tag-fitur","tag-marketing","tag-petersen"],"_links":{"self":[{"href":"https:\/\/rumbo.ar\/website\/wp-json\/wp\/v2\/posts\/2547","targetHints":{"allow":["GET"]}}],"collection":[{"href":"https:\/\/rumbo.ar\/website\/wp-json\/wp\/v2\/posts"}],"about":[{"href":"https:\/\/rumbo.ar\/website\/wp-json\/wp\/v2\/types\/post"}],"author":[{"embeddable":true,"href":"https:\/\/rumbo.ar\/website\/wp-json\/wp\/v2\/users\/2"}],"replies":[{"embeddable":true,"href":"https:\/\/rumbo.ar\/website\/wp-json\/wp\/v2\/comments?post=2547"}],"version-history":[{"count":1,"href":"https:\/\/rumbo.ar\/website\/wp-json\/wp\/v2\/posts\/2547\/revisions"}],"predecessor-version":[{"id":2549,"href":"https:\/\/rumbo.ar\/website\/wp-json\/wp\/v2\/posts\/2547\/revisions\/2549"}],"wp:featuredmedia":[{"embeddable":true,"href":"https:\/\/rumbo.ar\/website\/wp-json\/wp\/v2\/media\/2548"}],"wp:attachment":[{"href":"https:\/\/rumbo.ar\/website\/wp-json\/wp\/v2\/media?parent=2547"}],"wp:term":[{"taxonomy":"category","embeddable":true,"href":"https:\/\/rumbo.ar\/website\/wp-json\/wp\/v2\/categories?post=2547"},{"taxonomy":"post_tag","embeddable":true,"href":"https:\/\/rumbo.ar\/website\/wp-json\/wp\/v2\/tags?post=2547"}],"curies":[{"name":"wp","href":"https:\/\/api.w.org\/{rel}","templated":true}]}}