{"id":2544,"date":"2026-01-28T15:55:33","date_gmt":"2026-01-28T14:55:33","guid":{"rendered":"https:\/\/rumbo.ar\/website\/?p=2544"},"modified":"2026-01-28T15:55:33","modified_gmt":"2026-01-28T14:55:33","slug":"canatur-peru-lidera-la-reposicion-del-arbol-molle-en-madrid-simbolo-patrimonial-del-peru","status":"publish","type":"post","link":"https:\/\/rumbo.ar\/website\/canatur-peru-lidera-la-reposicion-del-arbol-molle-en-madrid-simbolo-patrimonial-del-peru\/","title":{"rendered":"CANATUR PER\u00da lidera la reposici\u00f3n del \u00e1rbol Molle en Madrid, s\u00edmbolo patrimonial del Per\u00fa"},"content":{"rendered":"\n<p>Madrid \/ Lima, enero de 2026<\/p>\n\n\n\n<p>La C\u00e1mara Nacional de Turismo del Per\u00fa (CANATUR PER\u00da) culmina una importante gesta institucional iniciada en 2023 con la reposici\u00f3n del \u00e1rbol Molle (Schinus molle) en los Jardines del Mundial de Madrid, ubicados en la explanada sur del emblem\u00e1tico estadio Santiago Bernab\u00e9u, \u00edcono del Real Madrid.<\/p>\n\n\n\n<p>Este ejemplar, s\u00edmbolo patrimonial del Per\u00fa, hab\u00eda sido derribado por la borrasca Filomena en 2021, generando un vac\u00edo simb\u00f3lico que afectaba la presencia cultural del pa\u00eds en un espacio de alta visibilidad internacional.<\/p>\n\n\n\n<p>Durante m\u00e1s de dos a\u00f1os, CANATUR PER\u00da impuls\u00f3 constantes gestiones diplom\u00e1ticas y gremiales con el objetivo de recuperar este espacio emblem\u00e1tico, convencidos de que la ausencia del Molle no reflejaba la imagen, historia y riqueza cultural que el Per\u00fa merece proyectar en el exterior. Gracias a la perseverancia institucional y al compromiso de sus autoridades, hoy el Molle vuelve a ocupar su lugar como representaci\u00f3n viva de la naturaleza y la identidad peruana.<\/p>\n\n\n\n<blockquote class=\"wp-block-quote is-layout-flow wp-block-quote-is-layout-flow\">\n<p>\u201cEl Molle es m\u00e1s que un \u00e1rbol: es un s\u00edmbolo de nuestra identidad y de la riqueza patrimonial del Per\u00fa. Que hoy vuelva a Madrid, en pleno Paseo de la Castellana \u2014espacio que evoca el Madrid hist\u00f3rico\u2014, es un acto de respeto hacia nuestra cultura\u201d, se\u00f1al\u00f3 Jos\u00e9 Koechlin von Stein, presidente de CANATUR PER\u00da, presente en la actividad.<\/p>\n<\/blockquote>\n\n\n\n<p>Por su parte, el gerente general de CANATUR PER\u00da, Carlos Loayza Camarena, destac\u00f3 desde Lima:<\/p>\n\n\n\n<blockquote class=\"wp-block-quote is-layout-flow wp-block-quote-is-layout-flow\">\n<p>\u201cEste logro refleja la importancia de la articulaci\u00f3n gremial y cultural. Aspiramos a que este espacio se convierta en un verdadero Rinconcito Peruano en Madrid, donde se celebren nuestra naturaleza, gastronom\u00eda e identidad\u201d.<\/p>\n<\/blockquote>\n\n\n\n<p>La reposici\u00f3n del Molle constituye un hito de cooperaci\u00f3n y sensibilidad cultural que refuerza la imagen del Per\u00fa en escenarios internacionales y abre la posibilidad de que los Jardines del Mundial del estadio Santiago Bernab\u00e9u se consoliden como un espacio de encuentro y evocaci\u00f3n de la peruanidad.<\/p>\n\n\n\n<p>Este logro es tambi\u00e9n resultado de m\u00faltiples gestas y esfuerzos articulados con constancia y sensibilidad, entre ellos las iniciativas vinculadas a la creciente y destacada presencia de la gastronom\u00eda peruana en Madrid. Todo ello apunta a que este espacio se transforme en un lugar que invite a pensar y sentir el Per\u00fa, proyectando su identidad m\u00e1s all\u00e1 de lo tur\u00edstico y culinario, y consolid\u00e1ndose como un verdadero <em>s\u00edmbolo peruano en la capital espa\u00f1ola<\/em><\/p>\n","protected":false},"excerpt":{"rendered":"<p>Madrid \/ Lima, enero de 2026 La C\u00e1mara Nacional de Turismo del Per\u00fa (CANATUR PER\u00da) culmina una importante gesta institucional iniciada en 2023 con la reposici\u00f3n del \u00e1rbol Molle (Schinus molle) en los Jardines del Mundial de Madrid, ubicados en la explanada sur del emblem\u00e1tico estadio Santiago Bernab\u00e9u, \u00edcono del Real Madrid. Este ejemplar, s\u00edmbolo [&hellip;]<\/p>\n","protected":false},"author":2,"featured_media":2545,"comment_status":"closed","ping_status":"closed","sticky":false,"template":"","format":"standard","meta":{"footnotes":""},"categories":[9,8],"tags":[130,88,129,60],"class_list":["post-2544","post","type-post","status-publish","format-standard","has-post-thumbnail","hentry","category-actualidad","category-destinos","tag-canatur","tag-madrid","tag-peru","tag-turismo"],"_links":{"self":[{"href":"https:\/\/rumbo.ar\/website\/wp-json\/wp\/v2\/posts\/2544","targetHints":{"allow":["GET"]}}],"collection":[{"href":"https:\/\/rumbo.ar\/website\/wp-json\/wp\/v2\/posts"}],"about":[{"href":"https:\/\/rumbo.ar\/website\/wp-json\/wp\/v2\/types\/post"}],"author":[{"embeddable":true,"href":"https:\/\/rumbo.ar\/website\/wp-json\/wp\/v2\/users\/2"}],"replies":[{"embeddable":true,"href":"https:\/\/rumbo.ar\/website\/wp-json\/wp\/v2\/comments?post=2544"}],"version-history":[{"count":1,"href":"https:\/\/rumbo.ar\/website\/wp-json\/wp\/v2\/posts\/2544\/revisions"}],"predecessor-version":[{"id":2546,"href":"https:\/\/rumbo.ar\/website\/wp-json\/wp\/v2\/posts\/2544\/revisions\/2546"}],"wp:featuredmedia":[{"embeddable":true,"href":"https:\/\/rumbo.ar\/website\/wp-json\/wp\/v2\/media\/2545"}],"wp:attachment":[{"href":"https:\/\/rumbo.ar\/website\/wp-json\/wp\/v2\/media?parent=2544"}],"wp:term":[{"taxonomy":"category","embeddable":true,"href":"https:\/\/rumbo.ar\/website\/wp-json\/wp\/v2\/categories?post=2544"},{"taxonomy":"post_tag","embeddable":true,"href":"https:\/\/rumbo.ar\/website\/wp-json\/wp\/v2\/tags?post=2544"}],"curies":[{"name":"wp","href":"https:\/\/api.w.org\/{rel}","templated":true}]}}