{"id":2495,"date":"2026-01-20T23:17:12","date_gmt":"2026-01-20T22:17:12","guid":{"rendered":"https:\/\/rumbo.ar\/website\/?p=2495"},"modified":"2026-01-20T23:17:12","modified_gmt":"2026-01-20T22:17:12","slug":"con-los-disertantes-mas-influyentes-en-innovacion-negocios-y-futuro-del-trabajo-incatur-lanza-tour-lab-2026","status":"publish","type":"post","link":"https:\/\/rumbo.ar\/website\/con-los-disertantes-mas-influyentes-en-innovacion-negocios-y-futuro-del-trabajo-incatur-lanza-tour-lab-2026\/","title":{"rendered":"CON LOS DISERTANTES M\u00c1S INFLUYENTES EN INNOVACI\u00d3N, NEGOCIOS Y FUTURO DEL TRABAJO INCATUR LANZA TOUR LAB 2026"},"content":{"rendered":"\n<p class=\"has-black-color has-text-color has-link-color wp-elements-d870c4520beac0a6aa5d8c3a5d256775\">El\u00a0<strong>Instituto de Capacitaci\u00f3n Tur\u00edstica<\/strong>\u00a0-INCATUR- presenta\u00a0<strong>TOUR LAB 2026<\/strong>, un ciclo de\u00a0<strong>capacitaciones especiales<\/strong>\u00a0que se desarrollar\u00e1 durante febrero y marzo en modalidad virtual, con una propuesta acad\u00e9mica de alto impacto orientada a empleados, gerentes o due\u00f1os de una Agencia de Viajes que buscan actualizarse en las competencias clave del presente y del futuro.<\/p>\n\n\n\n<p class=\"has-black-color has-text-color has-link-color wp-elements-9ac00cf961d1ea846fe5a532228b76c6\"><\/p>\n\n\n\n<figure class=\"wp-block-image size-large\"><img loading=\"lazy\" decoding=\"async\" width=\"920\" height=\"1150\" src=\"https:\/\/rumbo.ar\/website\/wp-content\/uploads\/2026\/01\/Tour-LAB.-Cursos-INCATUR-2026-2-920x1150.jpeg\" alt=\"\" class=\"wp-image-2497\" srcset=\"https:\/\/rumbo.ar\/website\/wp-content\/uploads\/2026\/01\/Tour-LAB.-Cursos-INCATUR-2026-2-920x1150.jpeg 920w, https:\/\/rumbo.ar\/website\/wp-content\/uploads\/2026\/01\/Tour-LAB.-Cursos-INCATUR-2026-2-640x800.jpeg 640w, https:\/\/rumbo.ar\/website\/wp-content\/uploads\/2026\/01\/Tour-LAB.-Cursos-INCATUR-2026-2-768x960.jpeg 768w, https:\/\/rumbo.ar\/website\/wp-content\/uploads\/2026\/01\/Tour-LAB.-Cursos-INCATUR-2026-2.jpeg 1080w\" sizes=\"auto, (max-width: 920px) 100vw, 920px\" \/><\/figure>\n\n\n\n<p class=\"has-black-color has-text-color has-link-color wp-elements-33ff05b940af45883be93480c39cfd9a\">El programa re\u00fane a&nbsp;<strong>referentes destacados del ecosistema de innovaci\u00f3n, tecnolog\u00eda, comunicaci\u00f3n, finanzas y bienestar<\/strong>, abordando tem\u00e1ticas estrat\u00e9gicas como inteligencia artificial, productividad, experiencia del cliente, datos, emprendimiento, habilidades laborales y negocios de impacto social.<\/p>\n\n\n\n<p class=\"has-black-color has-text-color has-link-color wp-elements-fbb9c4d62e8e5ae0a9b47b4ca8f7ece9\">Con una&nbsp;<strong>selecci\u00f3n de disertantes destacados y referentes en sus \u00e1reas<\/strong>, TOUR LAB 2026 contar\u00e1 con la participaci\u00f3n de&nbsp;<strong>Desiree Jaimovich, Luciano Lorenzini, Nicol\u00e1s Fern\u00e1ndez Miranda, Fredi Vivas, Laura Muchnik, Cecilia Hugony, Tom\u00e1s Balmaceda, Claudio Zuchovicki, Joan Cwaik, Jeremy Kraayenbrink, Augusto Salvatto y Mateo Salvatto<\/strong>, entre otros especialistas reconocidos por su trayectoria en innovaci\u00f3n, tecnolog\u00eda, comunicaci\u00f3n, finanzas, productividad y desarrollo de negocios.<\/p>\n\n\n\n<figure class=\"wp-block-image size-large\"><img loading=\"lazy\" decoding=\"async\" width=\"920\" height=\"1150\" src=\"https:\/\/rumbo.ar\/website\/wp-content\/uploads\/2026\/01\/Tour-LAB.-Cursos-INCATUR-2026-3-920x1150.jpeg\" alt=\"\" class=\"wp-image-2498\" srcset=\"https:\/\/rumbo.ar\/website\/wp-content\/uploads\/2026\/01\/Tour-LAB.-Cursos-INCATUR-2026-3-920x1150.jpeg 920w, https:\/\/rumbo.ar\/website\/wp-content\/uploads\/2026\/01\/Tour-LAB.-Cursos-INCATUR-2026-3-640x800.jpeg 640w, https:\/\/rumbo.ar\/website\/wp-content\/uploads\/2026\/01\/Tour-LAB.-Cursos-INCATUR-2026-3-768x960.jpeg 768w, https:\/\/rumbo.ar\/website\/wp-content\/uploads\/2026\/01\/Tour-LAB.-Cursos-INCATUR-2026-3.jpeg 1080w\" sizes=\"auto, (max-width: 920px) 100vw, 920px\" \/><\/figure>\n\n\n\n<p class=\"has-black-color has-text-color has-link-color wp-elements-ba6e059ba42d1dc5767fe42660f85d55\">A lo largo del ciclo se abordar\u00e1n&nbsp;<strong>tem\u00e1ticas estrat\u00e9gicas para el desarrollo profesional y organizacional<\/strong>, como inteligencia artificial y sus aplicaciones pr\u00e1cticas, an\u00e1lisis de datos para la toma de decisiones, productividad y aprendizaje, experiencia del cliente, estrategias de comunicaci\u00f3n, creaci\u00f3n de contenidos, finanzas personales, bienestar digital, emprendimiento, tecnolog\u00edas emergentes, habilidades para los trabajos del futuro y modelos de negocio con impacto social, con un enfoque pr\u00e1ctico y orientado a la acci\u00f3n.<\/p>\n\n\n\n<p class=\"has-black-color has-text-color has-link-color wp-elements-93faba7d8d69421d0053b3944b8ecd4c\">Con&nbsp;<strong>TOUR LAB 2026<\/strong>, INCATUR reafirma su compromiso con la formaci\u00f3n de calidad, acercando contenidos actuales y aplicables, dictados por algunos de los&nbsp;<strong>profesionales m\u00e1s influyentes del \u00e1mbito tecnol\u00f3gico, empresarial y creativo<\/strong>, en un ciclo pensado para transformar conocimiento en acci\u00f3n.<\/p>\n\n\n\n<figure class=\"wp-block-image size-large\"><img loading=\"lazy\" decoding=\"async\" width=\"920\" height=\"1150\" src=\"https:\/\/rumbo.ar\/website\/wp-content\/uploads\/2026\/01\/Tour-LAB.-Cursos-INCATUR-2026-4-920x1150.jpeg\" alt=\"\" class=\"wp-image-2499\" srcset=\"https:\/\/rumbo.ar\/website\/wp-content\/uploads\/2026\/01\/Tour-LAB.-Cursos-INCATUR-2026-4-920x1150.jpeg 920w, https:\/\/rumbo.ar\/website\/wp-content\/uploads\/2026\/01\/Tour-LAB.-Cursos-INCATUR-2026-4-640x800.jpeg 640w, https:\/\/rumbo.ar\/website\/wp-content\/uploads\/2026\/01\/Tour-LAB.-Cursos-INCATUR-2026-4-768x960.jpeg 768w, https:\/\/rumbo.ar\/website\/wp-content\/uploads\/2026\/01\/Tour-LAB.-Cursos-INCATUR-2026-4.jpeg 1080w\" sizes=\"auto, (max-width: 920px) 100vw, 920px\" \/><\/figure>\n","protected":false},"excerpt":{"rendered":"<p>El\u00a0Instituto de Capacitaci\u00f3n Tur\u00edstica\u00a0-INCATUR- presenta\u00a0TOUR LAB 2026, un ciclo de\u00a0capacitaciones especiales\u00a0que se desarrollar\u00e1 durante febrero y marzo en modalidad virtual, con una propuesta acad\u00e9mica de alto impacto orientada a empleados, gerentes o due\u00f1os de una Agencia de Viajes que buscan actualizarse en las competencias clave del presente y del futuro. El programa re\u00fane a&nbsp;referentes destacados [&hellip;]<\/p>\n","protected":false},"author":2,"featured_media":2496,"comment_status":"closed","ping_status":"closed","sticky":false,"template":"","format":"standard","meta":{"footnotes":""},"categories":[9,1],"tags":[91,92,93],"class_list":["post-2495","post","type-post","status-publish","format-standard","has-post-thumbnail","hentry","category-actualidad","category-blog","tag-incatur","tag-tourlab","tag-virtu"],"_links":{"self":[{"href":"https:\/\/rumbo.ar\/website\/wp-json\/wp\/v2\/posts\/2495","targetHints":{"allow":["GET"]}}],"collection":[{"href":"https:\/\/rumbo.ar\/website\/wp-json\/wp\/v2\/posts"}],"about":[{"href":"https:\/\/rumbo.ar\/website\/wp-json\/wp\/v2\/types\/post"}],"author":[{"embeddable":true,"href":"https:\/\/rumbo.ar\/website\/wp-json\/wp\/v2\/users\/2"}],"replies":[{"embeddable":true,"href":"https:\/\/rumbo.ar\/website\/wp-json\/wp\/v2\/comments?post=2495"}],"version-history":[{"count":1,"href":"https:\/\/rumbo.ar\/website\/wp-json\/wp\/v2\/posts\/2495\/revisions"}],"predecessor-version":[{"id":2500,"href":"https:\/\/rumbo.ar\/website\/wp-json\/wp\/v2\/posts\/2495\/revisions\/2500"}],"wp:featuredmedia":[{"embeddable":true,"href":"https:\/\/rumbo.ar\/website\/wp-json\/wp\/v2\/media\/2496"}],"wp:attachment":[{"href":"https:\/\/rumbo.ar\/website\/wp-json\/wp\/v2\/media?parent=2495"}],"wp:term":[{"taxonomy":"category","embeddable":true,"href":"https:\/\/rumbo.ar\/website\/wp-json\/wp\/v2\/categories?post=2495"},{"taxonomy":"post_tag","embeddable":true,"href":"https:\/\/rumbo.ar\/website\/wp-json\/wp\/v2\/tags?post=2495"}],"curies":[{"name":"wp","href":"https:\/\/api.w.org\/{rel}","templated":true}]}}